{"id":11583,"date":"2021-06-07T12:20:55","date_gmt":"2021-06-07T12:20:55","guid":{"rendered":"https:\/\/7culture.ci\/index.php\/2021\/06\/07\/colloque-pluridisciplinaire-trois-jours-de-reflexions-pour-reveler-lautre-dimension-de-lartiste-were-were-liking\/"},"modified":"2021-06-07T12:20:55","modified_gmt":"2021-06-07T12:20:55","slug":"colloque-pluridisciplinaire-trois-jours-de-reflexions-pour-reveler-lautre-dimension-de-lartiste-were-were-liking","status":"publish","type":"post","link":"https:\/\/7culture.ci\/index.php\/2021\/06\/07\/colloque-pluridisciplinaire-trois-jours-de-reflexions-pour-reveler-lautre-dimension-de-lartiste-were-were-liking\/","title":{"rendered":"COLLOQUE PLURIDISCIPLINAIRE: TROIS JOURS DE R\u00c9FLEXIONS POUR REV\u00c9LER L\\&#8217;AUTRE DIMENSION DE L\u2019ARTISTE W\u00c8RE-W\u00c8RE LIKING."},"content":{"rendered":"\n<p><strong><em>\u00c9crivaine, po\u00e9tesse, chor\u00e9graphe et peintre, W\u00e9re w\u00e8re Liking est au centre du colloque international pluridisciplinaire qui s\u2019ouvre mercredi 9 juin prochain \u00e0 l\u2019Universit\u00e9 F\u00e9lix Houphou\u00ebt-Boigny d\u2019Abidjan. Durant 3 jours des intellectuels d\u2019ici et d\u2019ailleurs vont explorer l\u2019univers de cette artiste pluridisciplinaire.<\/em><\/strong><\/p>\n\n\n\n<p><strong><em>\u00ab&nbsp;W\u00e8r\u00e8w\u00e8r\u00e8 Liking : stature d\u2019une artiste compl\u00e8te&nbsp;\u00bb,<\/em> <\/strong>est le th\u00e8me du colloque international pluridisciplinaire qui se tient les 9, 10 et 11 juin 2021 \u00e0 l\u2019amphith\u00e9\u00e2tre de la Facult\u00e9 de Pharmacie de l\u2019Universit\u00e9 FHB d\u2019Abidjan, au Cufop et \u00e0 l\u2019Insaac. \u00c0 l\u2019initiative de l\u2019observatoire National de la Vie et du Discours Politiques (Onvdp C\u00f4te d\u2019Ivoire) et de l\u2019Acad\u00e9mie des Sciences, des Arts, des Cultures d\u2019Afrique et des Diasporas africaines (Ascad), le colloque pluridisciplinaire a pour objectif de \u00ab<strong><em>mettre au go\u00fbt du jour les th\u00e9ories esth\u00e9tiques et philosophiques, ainsi que la pratique artistique de W\u00e8r\u00e8w\u00e8r\u00e8 Liking&nbsp;\u00bb<\/em><\/strong>. Mais aussi mettre en relief sa contribution \u00e0 la valorisation de l\u2019identit\u00e9 culturelle africaine et la cause f\u00e9minine. Pour ce faire, les r\u00e9flexions porteront entre autres sur les arts du spectacle, la musique et la musicologie chez <strong><em>W\u00e8r\u00e8w\u00e8r\u00e8<\/em><\/strong>, le Stylisme, mod\u00e9lisme et cr\u00e9ation chez <strong><em>W\u00e8r\u00e8w\u00e8r\u00e8 Liking<\/em><\/strong>, la tentation cin\u00e9matographique, <strong><em>W\u00e8r\u00e8w\u00e8r\u00e8 Liking<\/em><\/strong>, l\u2019essayiste. Il s\u2019agit, en d\u00e9finitive, de saisir la pr\u00eatresse du Village Kiyi sous les diff\u00e9rentes de son art. Plusieurs intellectuels, professeurs, enseignants- chercheurs dont le professeur Hauhouot Asseypo, pr\u00e9sident de l\u2019Ascad, le professeur Mwantuali Joseph du <em>Hamilton College<\/em> \u00e0 New-York et le professeur Adama Coulibaly, doyen de l\u2019UFR des Langues, Litt\u00e9ratures et Civilisations de l\u2019Universit\u00e9 FHB sont attendus \u00e0 ce rendez-vous de la c\u00e9l\u00e9bration d\u2019une ic\u00f4ne des arts en Afrique.<\/p>\n\n\n\n<figure class=\\\"wp-block-image size-large\\\"><img src=\\\"http:\/\/7culture.ci\/fbf\/uploads\/2020\/07\/were-e1449032855246.jpg\\\" alt=\\\"\\\" class=\\\"wp-image-11544\\\"\/><\/figure>\n\n\n\n<p><\/p>\n","protected":false},"excerpt":{"rendered":"<p>\u00c9crivaine, po\u00e9tesse, chor\u00e9graphe et peintre, W\u00e9re w\u00e8re Liking est au centre du colloque international pluridisciplinaire qui s\u2019ouvre mercredi 9 juin prochain \u00e0 l\u2019Universit\u00e9 F\u00e9lix Houphou\u00ebt-Boigny d\u2019Abidjan. Durant 3 jours des intellectuels d\u2019ici et d\u2019ailleurs vont explorer l\u2019univers de cette artiste pluridisciplinaire. \u00ab&nbsp;W\u00e8r\u00e8w\u00e8r\u00e8 Liking : stature d\u2019une artiste compl\u00e8te&nbsp;\u00bb, est le th\u00e8me du colloque international pluridisciplinaire &hellip;<\/p>\n<p class=\"read-more\"> <a class=\"\" href=\"https:\/\/7culture.ci\/index.php\/2021\/06\/07\/colloque-pluridisciplinaire-trois-jours-de-reflexions-pour-reveler-lautre-dimension-de-lartiste-were-were-liking\/\"> <span class=\"screen-reader-text\">COLLOQUE PLURIDISCIPLINAIRE: TROIS JOURS DE R\u00c9FLEXIONS POUR REV\u00c9LER L\\&#8217;AUTRE DIMENSION DE L\u2019ARTISTE W\u00c8RE-W\u00c8RE LIKING.<\/span> Lire la suite\u00a0\u00bb<\/a><\/p>\n","protected":false},"author":2,"featured_media":11543,"comment_status":"open","ping_status":"closed","sticky":false,"template":"","format":"standard","meta":{"_mi_skip_tracking":false,"_monsterinsights_sitenote_active":false,"_monsterinsights_sitenote_note":"","_monsterinsights_sitenote_category":0,"site-sidebar-layout":"default","site-content-layout":"default","ast-global-header-display":"","ast-main-header-display":"","ast-hfb-above-header-display":"","ast-hfb-below-header-display":"","ast-hfb-mobile-header-display":"","site-post-title":"","ast-breadcrumbs-content":"","ast-featured-img":"","footer-sml-layout":"","theme-transparent-header-meta":"","adv-header-id-meta":"","stick-header-meta":"","header-above-stick-meta":"","header-main-stick-meta":"","header-below-stick-meta":"","footnotes":"","jetpack_publicize_message":"","jetpack_is_tweetstorm":false,"jetpack_publicize_feature_enabled":true},"categories":[22],"tags":[],"jetpack_publicize_connections":[],"acf":[],"aioseo_notices":[],"yoast_head":"<!-- This site is optimized with the Yoast SEO plugin v19.6.1 - https:\/\/yoast.com\/wordpress\/plugins\/seo\/ -->\n<title>COLLOQUE PLURIDISCIPLINAIRE: TROIS JOURS DE R\u00c9FLEXIONS POUR REV\u00c9LER L\\&#039;AUTRE DIMENSION DE L\u2019ARTISTE W\u00c8RE-W\u00c8RE LIKING. - 7culture<\/title>\n<meta name=\"robots\" content=\"index, follow, max-snippet:-1, max-image-preview:large, max-video-preview:-1\" \/>\n<link rel=\"canonical\" href=\"https:\/\/7culture.ci\/index.php\/2021\/06\/07\/colloque-pluridisciplinaire-trois-jours-de-reflexions-pour-reveler-lautre-dimension-de-lartiste-were-were-liking\/\" \/>\n<meta property=\"og:locale\" content=\"fr_FR\" \/>\n<meta property=\"og:type\" content=\"article\" \/>\n<meta property=\"og:title\" content=\"COLLOQUE PLURIDISCIPLINAIRE: TROIS JOURS DE R\u00c9FLEXIONS POUR REV\u00c9LER L\\&#039;AUTRE DIMENSION DE L\u2019ARTISTE W\u00c8RE-W\u00c8RE LIKING. - 7culture\" \/>\n<meta property=\"og:description\" content=\"\u00c9crivaine, po\u00e9tesse, chor\u00e9graphe et peintre, W\u00e9re w\u00e8re Liking est au centre du colloque international pluridisciplinaire qui s\u2019ouvre mercredi 9 juin prochain \u00e0 l\u2019Universit\u00e9 F\u00e9lix Houphou\u00ebt-Boigny d\u2019Abidjan. Durant 3 jours des intellectuels d\u2019ici et d\u2019ailleurs vont explorer l\u2019univers de cette artiste pluridisciplinaire. \u00ab&nbsp;W\u00e8r\u00e8w\u00e8r\u00e8 Liking : stature d\u2019une artiste compl\u00e8te&nbsp;\u00bb, est le th\u00e8me du colloque international pluridisciplinaire &hellip; COLLOQUE PLURIDISCIPLINAIRE: TROIS JOURS DE R\u00c9FLEXIONS POUR REV\u00c9LER L&#8217;AUTRE DIMENSION DE L\u2019ARTISTE W\u00c8RE-W\u00c8RE LIKING. Lire la suite\u00a0\u00bb\" \/>\n<meta property=\"og:url\" content=\"https:\/\/7culture.ci\/index.php\/2021\/06\/07\/colloque-pluridisciplinaire-trois-jours-de-reflexions-pour-reveler-lautre-dimension-de-lartiste-were-were-liking\/\" \/>\n<meta property=\"og:site_name\" content=\"7culture\" \/>\n<meta property=\"article:publisher\" content=\"https:\/\/www.facebook.com\/redchefclaude\" \/>\n<meta property=\"article:published_time\" content=\"2021-06-07T12:20:55+00:00\" \/>\n<meta name=\"author\" content=\"Claude Kipre\" \/>\n<meta name=\"twitter:card\" content=\"summary_large_image\" \/>\n<meta name=\"twitter:creator\" content=\"@7culturec\" \/>\n<meta name=\"twitter:site\" content=\"@7culturec\" \/>\n<meta name=\"twitter:label1\" content=\"\u00c9crit par\" \/>\n\t<meta name=\"twitter:data1\" content=\"Claude Kipre\" \/>\n\t<meta name=\"twitter:label2\" content=\"Dur\u00e9e de lecture estim\u00e9e\" \/>\n\t<meta name=\"twitter:data2\" content=\"2 minutes\" \/>\n<script type=\"application\/ld+json\" class=\"yoast-schema-graph\">{\"@context\":\"https:\/\/schema.org\",\"@graph\":[{\"@type\":\"Article\",\"@id\":\"https:\/\/7culture.ci\/index.php\/2021\/06\/07\/colloque-pluridisciplinaire-trois-jours-de-reflexions-pour-reveler-lautre-dimension-de-lartiste-were-were-liking\/#article\",\"isPartOf\":{\"@id\":\"https:\/\/7culture.ci\/index.php\/2021\/06\/07\/colloque-pluridisciplinaire-trois-jours-de-reflexions-pour-reveler-lautre-dimension-de-lartiste-were-were-liking\/\"},\"author\":{\"name\":\"Claude Kipre\",\"@id\":\"https:\/\/7culture.ci\/#\/schema\/person\/64b5687ef9752cd031e11e98f4fd60b6\"},\"headline\":\"COLLOQUE PLURIDISCIPLINAIRE: TROIS JOURS DE R\u00c9FLEXIONS POUR REV\u00c9LER L\\\\&#8217;AUTRE DIMENSION DE L\u2019ARTISTE W\u00c8RE-W\u00c8RE LIKING.\",\"datePublished\":\"2021-06-07T12:20:55+00:00\",\"dateModified\":\"2021-06-07T12:20:55+00:00\",\"mainEntityOfPage\":{\"@id\":\"https:\/\/7culture.ci\/index.php\/2021\/06\/07\/colloque-pluridisciplinaire-trois-jours-de-reflexions-pour-reveler-lautre-dimension-de-lartiste-were-were-liking\/\"},\"wordCount\":331,\"commentCount\":0,\"publisher\":{\"@id\":\"https:\/\/7culture.ci\/#organization\"},\"articleSection\":[\"Actualit\u00e9\"],\"inLanguage\":\"fr-FR\",\"potentialAction\":[{\"@type\":\"CommentAction\",\"name\":\"Comment\",\"target\":[\"https:\/\/7culture.ci\/index.php\/2021\/06\/07\/colloque-pluridisciplinaire-trois-jours-de-reflexions-pour-reveler-lautre-dimension-de-lartiste-were-were-liking\/#respond\"]}]},{\"@type\":\"WebPage\",\"@id\":\"https:\/\/7culture.ci\/index.php\/2021\/06\/07\/colloque-pluridisciplinaire-trois-jours-de-reflexions-pour-reveler-lautre-dimension-de-lartiste-were-were-liking\/\",\"url\":\"https:\/\/7culture.ci\/index.php\/2021\/06\/07\/colloque-pluridisciplinaire-trois-jours-de-reflexions-pour-reveler-lautre-dimension-de-lartiste-were-were-liking\/\",\"name\":\"COLLOQUE PLURIDISCIPLINAIRE: TROIS JOURS DE R\u00c9FLEXIONS POUR REV\u00c9LER L\\\\'AUTRE DIMENSION DE L\u2019ARTISTE W\u00c8RE-W\u00c8RE LIKING. - 7culture\",\"isPartOf\":{\"@id\":\"https:\/\/7culture.ci\/#website\"},\"datePublished\":\"2021-06-07T12:20:55+00:00\",\"dateModified\":\"2021-06-07T12:20:55+00:00\",\"breadcrumb\":{\"@id\":\"https:\/\/7culture.ci\/index.php\/2021\/06\/07\/colloque-pluridisciplinaire-trois-jours-de-reflexions-pour-reveler-lautre-dimension-de-lartiste-were-were-liking\/#breadcrumb\"},\"inLanguage\":\"fr-FR\",\"potentialAction\":[{\"@type\":\"ReadAction\",\"target\":[\"https:\/\/7culture.ci\/index.php\/2021\/06\/07\/colloque-pluridisciplinaire-trois-jours-de-reflexions-pour-reveler-lautre-dimension-de-lartiste-were-were-liking\/\"]}]},{\"@type\":\"BreadcrumbList\",\"@id\":\"https:\/\/7culture.ci\/index.php\/2021\/06\/07\/colloque-pluridisciplinaire-trois-jours-de-reflexions-pour-reveler-lautre-dimension-de-lartiste-were-were-liking\/#breadcrumb\",\"itemListElement\":[{\"@type\":\"ListItem\",\"position\":1,\"name\":\"Accueil\",\"item\":\"https:\/\/7culture.ci\/\"},{\"@type\":\"ListItem\",\"position\":2,\"name\":\"COLLOQUE PLURIDISCIPLINAIRE: TROIS JOURS DE R\u00c9FLEXIONS POUR REV\u00c9LER L\\\\&rsquo;AUTRE DIMENSION DE L\u2019ARTISTE W\u00c8RE-W\u00c8RE LIKING.\"}]},{\"@type\":\"WebSite\",\"@id\":\"https:\/\/7culture.ci\/#website\",\"url\":\"https:\/\/7culture.ci\/\",\"name\":\"7culture\",\"description\":\"Tout sur l&#039;actualit\u00e9\",\"publisher\":{\"@id\":\"https:\/\/7culture.ci\/#organization\"},\"potentialAction\":[{\"@type\":\"SearchAction\",\"target\":{\"@type\":\"EntryPoint\",\"urlTemplate\":\"https:\/\/7culture.ci\/?s={search_term_string}\"},\"query-input\":\"required name=search_term_string\"}],\"inLanguage\":\"fr-FR\"},{\"@type\":\"Organization\",\"@id\":\"https:\/\/7culture.ci\/#organization\",\"name\":\"7culture\",\"url\":\"https:\/\/7culture.ci\/\",\"sameAs\":[\"https:\/\/www.facebook.com\/redchefclaude\",\"https:\/\/twitter.com\/7culturec\"],\"logo\":{\"@type\":\"ImageObject\",\"inLanguage\":\"fr-FR\",\"@id\":\"https:\/\/7culture.ci\/#\/schema\/logo\/image\/\",\"url\":\"https:\/\/7culture.ci\/wp-content\/uploads\/2021\/12\/S1a-1.png\",\"contentUrl\":\"https:\/\/7culture.ci\/wp-content\/uploads\/2021\/12\/S1a-1.png\",\"width\":588,\"height\":192,\"caption\":\"7culture\"},\"image\":{\"@id\":\"https:\/\/7culture.ci\/#\/schema\/logo\/image\/\"}},{\"@type\":\"Person\",\"@id\":\"https:\/\/7culture.ci\/#\/schema\/person\/64b5687ef9752cd031e11e98f4fd60b6\",\"name\":\"Claude Kipre\",\"image\":{\"@type\":\"ImageObject\",\"inLanguage\":\"fr-FR\",\"@id\":\"https:\/\/7culture.ci\/#\/schema\/person\/image\/\",\"url\":\"https:\/\/secure.gravatar.com\/avatar\/60e5007626848549b0d9b2ad9c53c9e8?s=96&d=mm&r=g\",\"contentUrl\":\"https:\/\/secure.gravatar.com\/avatar\/60e5007626848549b0d9b2ad9c53c9e8?s=96&d=mm&r=g\",\"caption\":\"Claude Kipre\"},\"url\":\"https:\/\/7culture.ci\/index.php\/author\/claude-kipre\/\"}]}<\/script>\n<!-- \/ Yoast SEO plugin. -->","yoast_head_json":{"title":"COLLOQUE PLURIDISCIPLINAIRE: TROIS JOURS DE R\u00c9FLEXIONS POUR REV\u00c9LER L\\'AUTRE DIMENSION DE L\u2019ARTISTE W\u00c8RE-W\u00c8RE LIKING. - 7culture","robots":{"index":"index","follow":"follow","max-snippet":"max-snippet:-1","max-image-preview":"max-image-preview:large","max-video-preview":"max-video-preview:-1"},"canonical":"https:\/\/7culture.ci\/index.php\/2021\/06\/07\/colloque-pluridisciplinaire-trois-jours-de-reflexions-pour-reveler-lautre-dimension-de-lartiste-were-were-liking\/","og_locale":"fr_FR","og_type":"article","og_title":"COLLOQUE PLURIDISCIPLINAIRE: TROIS JOURS DE R\u00c9FLEXIONS POUR REV\u00c9LER L\\'AUTRE DIMENSION DE L\u2019ARTISTE W\u00c8RE-W\u00c8RE LIKING. - 7culture","og_description":"\u00c9crivaine, po\u00e9tesse, chor\u00e9graphe et peintre, W\u00e9re w\u00e8re Liking est au centre du colloque international pluridisciplinaire qui s\u2019ouvre mercredi 9 juin prochain \u00e0 l\u2019Universit\u00e9 F\u00e9lix Houphou\u00ebt-Boigny d\u2019Abidjan. Durant 3 jours des intellectuels d\u2019ici et d\u2019ailleurs vont explorer l\u2019univers de cette artiste pluridisciplinaire. \u00ab&nbsp;W\u00e8r\u00e8w\u00e8r\u00e8 Liking : stature d\u2019une artiste compl\u00e8te&nbsp;\u00bb, est le th\u00e8me du colloque international pluridisciplinaire &hellip; COLLOQUE PLURIDISCIPLINAIRE: TROIS JOURS DE R\u00c9FLEXIONS POUR REV\u00c9LER L&#8217;AUTRE DIMENSION DE L\u2019ARTISTE W\u00c8RE-W\u00c8RE LIKING. Lire la suite\u00a0\u00bb","og_url":"https:\/\/7culture.ci\/index.php\/2021\/06\/07\/colloque-pluridisciplinaire-trois-jours-de-reflexions-pour-reveler-lautre-dimension-de-lartiste-were-were-liking\/","og_site_name":"7culture","article_publisher":"https:\/\/www.facebook.com\/redchefclaude","article_published_time":"2021-06-07T12:20:55+00:00","author":"Claude Kipre","twitter_card":"summary_large_image","twitter_creator":"@7culturec","twitter_site":"@7culturec","twitter_misc":{"\u00c9crit par":"Claude Kipre","Dur\u00e9e de lecture estim\u00e9e":"2 minutes"},"schema":{"@context":"https:\/\/schema.org","@graph":[{"@type":"Article","@id":"https:\/\/7culture.ci\/index.php\/2021\/06\/07\/colloque-pluridisciplinaire-trois-jours-de-reflexions-pour-reveler-lautre-dimension-de-lartiste-were-were-liking\/#article","isPartOf":{"@id":"https:\/\/7culture.ci\/index.php\/2021\/06\/07\/colloque-pluridisciplinaire-trois-jours-de-reflexions-pour-reveler-lautre-dimension-de-lartiste-were-were-liking\/"},"author":{"name":"Claude Kipre","@id":"https:\/\/7culture.ci\/#\/schema\/person\/64b5687ef9752cd031e11e98f4fd60b6"},"headline":"COLLOQUE PLURIDISCIPLINAIRE: TROIS JOURS DE R\u00c9FLEXIONS POUR REV\u00c9LER L\\&#8217;AUTRE DIMENSION DE L\u2019ARTISTE W\u00c8RE-W\u00c8RE LIKING.","datePublished":"2021-06-07T12:20:55+00:00","dateModified":"2021-06-07T12:20:55+00:00","mainEntityOfPage":{"@id":"https:\/\/7culture.ci\/index.php\/2021\/06\/07\/colloque-pluridisciplinaire-trois-jours-de-reflexions-pour-reveler-lautre-dimension-de-lartiste-were-were-liking\/"},"wordCount":331,"commentCount":0,"publisher":{"@id":"https:\/\/7culture.ci\/#organization"},"articleSection":["Actualit\u00e9"],"inLanguage":"fr-FR","potentialAction":[{"@type":"CommentAction","name":"Comment","target":["https:\/\/7culture.ci\/index.php\/2021\/06\/07\/colloque-pluridisciplinaire-trois-jours-de-reflexions-pour-reveler-lautre-dimension-de-lartiste-were-were-liking\/#respond"]}]},{"@type":"WebPage","@id":"https:\/\/7culture.ci\/index.php\/2021\/06\/07\/colloque-pluridisciplinaire-trois-jours-de-reflexions-pour-reveler-lautre-dimension-de-lartiste-were-were-liking\/","url":"https:\/\/7culture.ci\/index.php\/2021\/06\/07\/colloque-pluridisciplinaire-trois-jours-de-reflexions-pour-reveler-lautre-dimension-de-lartiste-were-were-liking\/","name":"COLLOQUE PLURIDISCIPLINAIRE: TROIS JOURS DE R\u00c9FLEXIONS POUR REV\u00c9LER L\\'AUTRE DIMENSION DE L\u2019ARTISTE W\u00c8RE-W\u00c8RE LIKING. - 7culture","isPartOf":{"@id":"https:\/\/7culture.ci\/#website"},"datePublished":"2021-06-07T12:20:55+00:00","dateModified":"2021-06-07T12:20:55+00:00","breadcrumb":{"@id":"https:\/\/7culture.ci\/index.php\/2021\/06\/07\/colloque-pluridisciplinaire-trois-jours-de-reflexions-pour-reveler-lautre-dimension-de-lartiste-were-were-liking\/#breadcrumb"},"inLanguage":"fr-FR","potentialAction":[{"@type":"ReadAction","target":["https:\/\/7culture.ci\/index.php\/2021\/06\/07\/colloque-pluridisciplinaire-trois-jours-de-reflexions-pour-reveler-lautre-dimension-de-lartiste-were-were-liking\/"]}]},{"@type":"BreadcrumbList","@id":"https:\/\/7culture.ci\/index.php\/2021\/06\/07\/colloque-pluridisciplinaire-trois-jours-de-reflexions-pour-reveler-lautre-dimension-de-lartiste-were-were-liking\/#breadcrumb","itemListElement":[{"@type":"ListItem","position":1,"name":"Accueil","item":"https:\/\/7culture.ci\/"},{"@type":"ListItem","position":2,"name":"COLLOQUE PLURIDISCIPLINAIRE: TROIS JOURS DE R\u00c9FLEXIONS POUR REV\u00c9LER L\\&rsquo;AUTRE DIMENSION DE L\u2019ARTISTE W\u00c8RE-W\u00c8RE LIKING."}]},{"@type":"WebSite","@id":"https:\/\/7culture.ci\/#website","url":"https:\/\/7culture.ci\/","name":"7culture","description":"Tout sur l&#039;actualit\u00e9","publisher":{"@id":"https:\/\/7culture.ci\/#organization"},"potentialAction":[{"@type":"SearchAction","target":{"@type":"EntryPoint","urlTemplate":"https:\/\/7culture.ci\/?s={search_term_string}"},"query-input":"required name=search_term_string"}],"inLanguage":"fr-FR"},{"@type":"Organization","@id":"https:\/\/7culture.ci\/#organization","name":"7culture","url":"https:\/\/7culture.ci\/","sameAs":["https:\/\/www.facebook.com\/redchefclaude","https:\/\/twitter.com\/7culturec"],"logo":{"@type":"ImageObject","inLanguage":"fr-FR","@id":"https:\/\/7culture.ci\/#\/schema\/logo\/image\/","url":"https:\/\/7culture.ci\/wp-content\/uploads\/2021\/12\/S1a-1.png","contentUrl":"https:\/\/7culture.ci\/wp-content\/uploads\/2021\/12\/S1a-1.png","width":588,"height":192,"caption":"7culture"},"image":{"@id":"https:\/\/7culture.ci\/#\/schema\/logo\/image\/"}},{"@type":"Person","@id":"https:\/\/7culture.ci\/#\/schema\/person\/64b5687ef9752cd031e11e98f4fd60b6","name":"Claude Kipre","image":{"@type":"ImageObject","inLanguage":"fr-FR","@id":"https:\/\/7culture.ci\/#\/schema\/person\/image\/","url":"https:\/\/secure.gravatar.com\/avatar\/60e5007626848549b0d9b2ad9c53c9e8?s=96&d=mm&r=g","contentUrl":"https:\/\/secure.gravatar.com\/avatar\/60e5007626848549b0d9b2ad9c53c9e8?s=96&d=mm&r=g","caption":"Claude Kipre"},"url":"https:\/\/7culture.ci\/index.php\/author\/claude-kipre\/"}]}},"jetpack_featured_media_url":"","jetpack_likes_enabled":true,"jetpack_sharing_enabled":true,"_links":{"self":[{"href":"https:\/\/7culture.ci\/index.php\/wp-json\/wp\/v2\/posts\/11583"}],"collection":[{"href":"https:\/\/7culture.ci\/index.php\/wp-json\/wp\/v2\/posts"}],"about":[{"href":"https:\/\/7culture.ci\/index.php\/wp-json\/wp\/v2\/types\/post"}],"author":[{"embeddable":true,"href":"https:\/\/7culture.ci\/index.php\/wp-json\/wp\/v2\/users\/2"}],"replies":[{"embeddable":true,"href":"https:\/\/7culture.ci\/index.php\/wp-json\/wp\/v2\/comments?post=11583"}],"version-history":[{"count":0,"href":"https:\/\/7culture.ci\/index.php\/wp-json\/wp\/v2\/posts\/11583\/revisions"}],"wp:featuredmedia":[{"embeddable":true,"href":"https:\/\/7culture.ci\/index.php\/wp-json\/"}],"wp:attachment":[{"href":"https:\/\/7culture.ci\/index.php\/wp-json\/wp\/v2\/media?parent=11583"}],"wp:term":[{"taxonomy":"category","embeddable":true,"href":"https:\/\/7culture.ci\/index.php\/wp-json\/wp\/v2\/categories?post=11583"},{"taxonomy":"post_tag","embeddable":true,"href":"https:\/\/7culture.ci\/index.php\/wp-json\/wp\/v2\/tags?post=11583"}],"curies":[{"name":"wp","href":"https:\/\/api.w.org\/{rel}","templated":true}]}}