{"id":11512,"date":"2021-06-04T14:26:52","date_gmt":"2021-06-04T14:26:52","guid":{"rendered":"https:\/\/7culture.ci\/index.php\/2021\/06\/04\/spectacle-monique-seka-va-chanter-bonne-fete-maman\/"},"modified":"2021-06-04T14:26:52","modified_gmt":"2021-06-04T14:26:52","slug":"spectacle-monique-seka-va-chanter-bonne-fete-maman","status":"publish","type":"post","link":"https:\/\/7culture.ci\/index.php\/2021\/06\/04\/spectacle-monique-seka-va-chanter-bonne-fete-maman\/","title":{"rendered":"SPECTACLE : MONIQUE S\u00c9KA VA CHANTER BONNE F\u00caTE MAMAN !"},"content":{"rendered":"\n<p>La reine de l\u2019afro-zouk Monique S\u00e9ka, va c\u00e9l\u00e9brer sp\u00e9cialement les m\u00e8res \u00e0 travers un d\u00eener-spectacle ce samedi 5 juin \u00e0 partir de 20h au Complexe M\u00e9n\u00e9kr\u00e9 Legend \u00e0 la Riviera-Attoban.<\/p>\n\n\n\n<p>L\u2019information a \u00e9t\u00e9 donn\u00e9e le samedi 29 mai \u00e0 16h au cours d\u2019une conf\u00e9rence de presse anim\u00e9e par la chanteuse \u00e0 M\u00e9n\u00e9kr\u00e9 Legend, l\u2019\u00e9tablissement de l\u2019op\u00e9rateur culturel Serge Rodrigue Ahouassa.<\/p>\n\n\n\n<p>\u00ab <strong><em>J\u2019ai choisi de c\u00e9l\u00e9brer nos mamans le samedi 5 juin, une semaine pratiquement apr\u00e8s la date initiale de la f\u00eate des m\u00e8res, pour leur permettre d\u2019\u00eatre disponibles pour venir s\u2019\u00e9clater avec moi et se reposer le lendemain dimanche<\/em><\/strong> \u00bb, a-t-elle expliqu\u00e9 d\u2019entr\u00e9e, entour\u00e9e de son staff et des partenaires de l\u2019\u00e9v\u00e8nement.<\/p>\n\n\n\n<p>Avant de poursuivre : \u00ab <strong><em>Ce sera un concert live d\u2019environ 1h30mn et une douzaine de titres dont des in\u00e9dits qui seront sur mon nouvel album pr\u00e9vu pour sortir en 2022. Je serai accompagn\u00e9e par le talentueux orchestre ivoirien \u2019\u2019Smooth band\u2019\u2019. Il y aura beaucoup de guest-stars, dont Ken Adamo avec qui je jouerai trois chansons en duo. En tout cas, on donnera le maximum pour faire plaisir \u00e0 nos mamans et nos illustres invit\u00e9s<\/em><\/strong> \u00bb.<\/p>\n\n\n\n<figure class=\\\"wp-block-image size-large is-resized\\\"><img src=\\\"http:\/\/7culture.ci\/fbf\/uploads\/2020\/07\/Monique1-683x1024.jpg\\\" alt=\\\"\\\" class=\\\"wp-image-11507\\\" width=\\\"467\\\" height=\\\"699\\\"\/><\/figure>\n\n\n\n<p>Le d\u00eener-spectacle qui attend environ 500 convives, sera agr\u00e9ment\u00e9 \u00e9galement par un d\u00e9fil\u00e9 de mode du talentueux styliste Patrick Asso, avec sa collection \u2018\u2019Hawa\u00ee\u2019\u2019. Sans oublier une grande tombola pr\u00e9vue dans la salle par un partenaire du concert, avec pour super lot un terrain de 500m\u00b2 \u00e0 Yamoussoukro.<\/p>\n\n\n\n<p>Le parrain de cette soir\u00e9e sp\u00e9ciale d\u00e9di\u00e9e aux m\u00e8res est M. Siandou Fofana, Ministre du tourisme et des loisirs. Il aura \u00e0 ses c\u00f4t\u00e9s, M. Jean-Marc Yac\u00e9, le Maire de Cocody.<\/p>\n\n\n\n<p>Par Eric Cossa<\/p>\n","protected":false},"excerpt":{"rendered":"<p>La reine de l\u2019afro-zouk Monique S\u00e9ka, va c\u00e9l\u00e9brer sp\u00e9cialement les m\u00e8res \u00e0 travers un d\u00eener-spectacle ce samedi 5 juin \u00e0 partir de 20h au Complexe M\u00e9n\u00e9kr\u00e9 Legend \u00e0 la Riviera-Attoban. L\u2019information a \u00e9t\u00e9 donn\u00e9e le samedi 29 mai \u00e0 16h au cours d\u2019une conf\u00e9rence de presse anim\u00e9e par la chanteuse \u00e0 M\u00e9n\u00e9kr\u00e9 Legend, l\u2019\u00e9tablissement de &hellip;<\/p>\n<p class=\"read-more\"> <a class=\"\" href=\"https:\/\/7culture.ci\/index.php\/2021\/06\/04\/spectacle-monique-seka-va-chanter-bonne-fete-maman\/\"> <span class=\"screen-reader-text\">SPECTACLE : MONIQUE S\u00c9KA VA CHANTER BONNE F\u00caTE MAMAN !<\/span> Lire la suite\u00a0\u00bb<\/a><\/p>\n","protected":false},"author":4,"featured_media":11541,"comment_status":"open","ping_status":"closed","sticky":false,"template":"","format":"standard","meta":{"_mi_skip_tracking":false,"_monsterinsights_sitenote_active":false,"_monsterinsights_sitenote_note":"","_monsterinsights_sitenote_category":0,"site-sidebar-layout":"default","site-content-layout":"default","ast-global-header-display":"","ast-main-header-display":"","ast-hfb-above-header-display":"","ast-hfb-below-header-display":"","ast-hfb-mobile-header-display":"","site-post-title":"","ast-breadcrumbs-content":"","ast-featured-img":"","footer-sml-layout":"","theme-transparent-header-meta":"","adv-header-id-meta":"","stick-header-meta":"","header-above-stick-meta":"","header-main-stick-meta":"","header-below-stick-meta":"","footnotes":"","jetpack_publicize_message":"","jetpack_is_tweetstorm":false,"jetpack_publicize_feature_enabled":true},"categories":[16],"tags":[],"jetpack_publicize_connections":[],"acf":[],"aioseo_notices":[],"yoast_head":"<!-- This site is optimized with the Yoast SEO plugin v19.6.1 - https:\/\/yoast.com\/wordpress\/plugins\/seo\/ -->\n<title>SPECTACLE : MONIQUE S\u00c9KA VA CHANTER BONNE F\u00caTE MAMAN ! - 7culture<\/title>\n<meta name=\"robots\" content=\"index, follow, max-snippet:-1, max-image-preview:large, max-video-preview:-1\" \/>\n<link rel=\"canonical\" href=\"https:\/\/7culture.ci\/index.php\/2021\/06\/04\/spectacle-monique-seka-va-chanter-bonne-fete-maman\/\" \/>\n<meta property=\"og:locale\" content=\"fr_FR\" \/>\n<meta property=\"og:type\" content=\"article\" \/>\n<meta property=\"og:title\" content=\"SPECTACLE : MONIQUE S\u00c9KA VA CHANTER BONNE F\u00caTE MAMAN ! - 7culture\" \/>\n<meta property=\"og:description\" content=\"La reine de l\u2019afro-zouk Monique S\u00e9ka, va c\u00e9l\u00e9brer sp\u00e9cialement les m\u00e8res \u00e0 travers un d\u00eener-spectacle ce samedi 5 juin \u00e0 partir de 20h au Complexe M\u00e9n\u00e9kr\u00e9 Legend \u00e0 la Riviera-Attoban. L\u2019information a \u00e9t\u00e9 donn\u00e9e le samedi 29 mai \u00e0 16h au cours d\u2019une conf\u00e9rence de presse anim\u00e9e par la chanteuse \u00e0 M\u00e9n\u00e9kr\u00e9 Legend, l\u2019\u00e9tablissement de &hellip; SPECTACLE : MONIQUE S\u00c9KA VA CHANTER BONNE F\u00caTE MAMAN ! Lire la suite\u00a0\u00bb\" \/>\n<meta property=\"og:url\" content=\"https:\/\/7culture.ci\/index.php\/2021\/06\/04\/spectacle-monique-seka-va-chanter-bonne-fete-maman\/\" \/>\n<meta property=\"og:site_name\" content=\"7culture\" \/>\n<meta property=\"article:publisher\" content=\"https:\/\/www.facebook.com\/redchefclaude\" \/>\n<meta property=\"article:published_time\" content=\"2021-06-04T14:26:52+00:00\" \/>\n<meta name=\"author\" content=\"Waly Tani\" \/>\n<meta name=\"twitter:card\" content=\"summary_large_image\" \/>\n<meta name=\"twitter:creator\" content=\"@7culturec\" \/>\n<meta name=\"twitter:site\" content=\"@7culturec\" \/>\n<meta name=\"twitter:label1\" content=\"\u00c9crit par\" \/>\n\t<meta name=\"twitter:data1\" content=\"Waly Tani\" \/>\n\t<meta name=\"twitter:label2\" content=\"Dur\u00e9e de lecture estim\u00e9e\" \/>\n\t<meta name=\"twitter:data2\" content=\"2 minutes\" \/>\n<script type=\"application\/ld+json\" class=\"yoast-schema-graph\">{\"@context\":\"https:\/\/schema.org\",\"@graph\":[{\"@type\":\"Article\",\"@id\":\"https:\/\/7culture.ci\/index.php\/2021\/06\/04\/spectacle-monique-seka-va-chanter-bonne-fete-maman\/#article\",\"isPartOf\":{\"@id\":\"https:\/\/7culture.ci\/index.php\/2021\/06\/04\/spectacle-monique-seka-va-chanter-bonne-fete-maman\/\"},\"author\":{\"name\":\"Waly Tani\",\"@id\":\"https:\/\/7culture.ci\/#\/schema\/person\/ac6600b76b439b1d2b8a3b734da1a17b\"},\"headline\":\"SPECTACLE : MONIQUE S\u00c9KA VA CHANTER BONNE F\u00caTE MAMAN !\",\"datePublished\":\"2021-06-04T14:26:52+00:00\",\"dateModified\":\"2021-06-04T14:26:52+00:00\",\"mainEntityOfPage\":{\"@id\":\"https:\/\/7culture.ci\/index.php\/2021\/06\/04\/spectacle-monique-seka-va-chanter-bonne-fete-maman\/\"},\"wordCount\":311,\"commentCount\":0,\"publisher\":{\"@id\":\"https:\/\/7culture.ci\/#organization\"},\"articleSection\":[\"Musique\"],\"inLanguage\":\"fr-FR\",\"potentialAction\":[{\"@type\":\"CommentAction\",\"name\":\"Comment\",\"target\":[\"https:\/\/7culture.ci\/index.php\/2021\/06\/04\/spectacle-monique-seka-va-chanter-bonne-fete-maman\/#respond\"]}]},{\"@type\":\"WebPage\",\"@id\":\"https:\/\/7culture.ci\/index.php\/2021\/06\/04\/spectacle-monique-seka-va-chanter-bonne-fete-maman\/\",\"url\":\"https:\/\/7culture.ci\/index.php\/2021\/06\/04\/spectacle-monique-seka-va-chanter-bonne-fete-maman\/\",\"name\":\"SPECTACLE : MONIQUE S\u00c9KA VA CHANTER BONNE F\u00caTE MAMAN ! - 7culture\",\"isPartOf\":{\"@id\":\"https:\/\/7culture.ci\/#website\"},\"datePublished\":\"2021-06-04T14:26:52+00:00\",\"dateModified\":\"2021-06-04T14:26:52+00:00\",\"breadcrumb\":{\"@id\":\"https:\/\/7culture.ci\/index.php\/2021\/06\/04\/spectacle-monique-seka-va-chanter-bonne-fete-maman\/#breadcrumb\"},\"inLanguage\":\"fr-FR\",\"potentialAction\":[{\"@type\":\"ReadAction\",\"target\":[\"https:\/\/7culture.ci\/index.php\/2021\/06\/04\/spectacle-monique-seka-va-chanter-bonne-fete-maman\/\"]}]},{\"@type\":\"BreadcrumbList\",\"@id\":\"https:\/\/7culture.ci\/index.php\/2021\/06\/04\/spectacle-monique-seka-va-chanter-bonne-fete-maman\/#breadcrumb\",\"itemListElement\":[{\"@type\":\"ListItem\",\"position\":1,\"name\":\"Accueil\",\"item\":\"https:\/\/7culture.ci\/\"},{\"@type\":\"ListItem\",\"position\":2,\"name\":\"SPECTACLE : MONIQUE S\u00c9KA VA CHANTER BONNE F\u00caTE MAMAN !\"}]},{\"@type\":\"WebSite\",\"@id\":\"https:\/\/7culture.ci\/#website\",\"url\":\"https:\/\/7culture.ci\/\",\"name\":\"7culture\",\"description\":\"Tout sur l&#039;actualit\u00e9\",\"publisher\":{\"@id\":\"https:\/\/7culture.ci\/#organization\"},\"potentialAction\":[{\"@type\":\"SearchAction\",\"target\":{\"@type\":\"EntryPoint\",\"urlTemplate\":\"https:\/\/7culture.ci\/?s={search_term_string}\"},\"query-input\":\"required name=search_term_string\"}],\"inLanguage\":\"fr-FR\"},{\"@type\":\"Organization\",\"@id\":\"https:\/\/7culture.ci\/#organization\",\"name\":\"7culture\",\"url\":\"https:\/\/7culture.ci\/\",\"sameAs\":[\"https:\/\/www.facebook.com\/redchefclaude\",\"https:\/\/twitter.com\/7culturec\"],\"logo\":{\"@type\":\"ImageObject\",\"inLanguage\":\"fr-FR\",\"@id\":\"https:\/\/7culture.ci\/#\/schema\/logo\/image\/\",\"url\":\"https:\/\/7culture.ci\/wp-content\/uploads\/2021\/12\/S1a-1.png\",\"contentUrl\":\"https:\/\/7culture.ci\/wp-content\/uploads\/2021\/12\/S1a-1.png\",\"width\":588,\"height\":192,\"caption\":\"7culture\"},\"image\":{\"@id\":\"https:\/\/7culture.ci\/#\/schema\/logo\/image\/\"}},{\"@type\":\"Person\",\"@id\":\"https:\/\/7culture.ci\/#\/schema\/person\/ac6600b76b439b1d2b8a3b734da1a17b\",\"name\":\"Waly Tani\",\"image\":{\"@type\":\"ImageObject\",\"inLanguage\":\"fr-FR\",\"@id\":\"https:\/\/7culture.ci\/#\/schema\/person\/image\/\",\"url\":\"https:\/\/secure.gravatar.com\/avatar\/f4ffa85bd7cfe6e4376efc1fd606cdb7?s=96&d=mm&r=g\",\"contentUrl\":\"https:\/\/secure.gravatar.com\/avatar\/f4ffa85bd7cfe6e4376efc1fd606cdb7?s=96&d=mm&r=g\",\"caption\":\"Waly Tani\"},\"url\":\"https:\/\/7culture.ci\/index.php\/author\/waly-tani\/\"}]}<\/script>\n<!-- \/ Yoast SEO plugin. -->","yoast_head_json":{"title":"SPECTACLE : MONIQUE S\u00c9KA VA CHANTER BONNE F\u00caTE MAMAN ! - 7culture","robots":{"index":"index","follow":"follow","max-snippet":"max-snippet:-1","max-image-preview":"max-image-preview:large","max-video-preview":"max-video-preview:-1"},"canonical":"https:\/\/7culture.ci\/index.php\/2021\/06\/04\/spectacle-monique-seka-va-chanter-bonne-fete-maman\/","og_locale":"fr_FR","og_type":"article","og_title":"SPECTACLE : MONIQUE S\u00c9KA VA CHANTER BONNE F\u00caTE MAMAN ! - 7culture","og_description":"La reine de l\u2019afro-zouk Monique S\u00e9ka, va c\u00e9l\u00e9brer sp\u00e9cialement les m\u00e8res \u00e0 travers un d\u00eener-spectacle ce samedi 5 juin \u00e0 partir de 20h au Complexe M\u00e9n\u00e9kr\u00e9 Legend \u00e0 la Riviera-Attoban. L\u2019information a \u00e9t\u00e9 donn\u00e9e le samedi 29 mai \u00e0 16h au cours d\u2019une conf\u00e9rence de presse anim\u00e9e par la chanteuse \u00e0 M\u00e9n\u00e9kr\u00e9 Legend, l\u2019\u00e9tablissement de &hellip; SPECTACLE : MONIQUE S\u00c9KA VA CHANTER BONNE F\u00caTE MAMAN ! Lire la suite\u00a0\u00bb","og_url":"https:\/\/7culture.ci\/index.php\/2021\/06\/04\/spectacle-monique-seka-va-chanter-bonne-fete-maman\/","og_site_name":"7culture","article_publisher":"https:\/\/www.facebook.com\/redchefclaude","article_published_time":"2021-06-04T14:26:52+00:00","author":"Waly Tani","twitter_card":"summary_large_image","twitter_creator":"@7culturec","twitter_site":"@7culturec","twitter_misc":{"\u00c9crit par":"Waly Tani","Dur\u00e9e de lecture estim\u00e9e":"2 minutes"},"schema":{"@context":"https:\/\/schema.org","@graph":[{"@type":"Article","@id":"https:\/\/7culture.ci\/index.php\/2021\/06\/04\/spectacle-monique-seka-va-chanter-bonne-fete-maman\/#article","isPartOf":{"@id":"https:\/\/7culture.ci\/index.php\/2021\/06\/04\/spectacle-monique-seka-va-chanter-bonne-fete-maman\/"},"author":{"name":"Waly Tani","@id":"https:\/\/7culture.ci\/#\/schema\/person\/ac6600b76b439b1d2b8a3b734da1a17b"},"headline":"SPECTACLE : MONIQUE S\u00c9KA VA CHANTER BONNE F\u00caTE MAMAN !","datePublished":"2021-06-04T14:26:52+00:00","dateModified":"2021-06-04T14:26:52+00:00","mainEntityOfPage":{"@id":"https:\/\/7culture.ci\/index.php\/2021\/06\/04\/spectacle-monique-seka-va-chanter-bonne-fete-maman\/"},"wordCount":311,"commentCount":0,"publisher":{"@id":"https:\/\/7culture.ci\/#organization"},"articleSection":["Musique"],"inLanguage":"fr-FR","potentialAction":[{"@type":"CommentAction","name":"Comment","target":["https:\/\/7culture.ci\/index.php\/2021\/06\/04\/spectacle-monique-seka-va-chanter-bonne-fete-maman\/#respond"]}]},{"@type":"WebPage","@id":"https:\/\/7culture.ci\/index.php\/2021\/06\/04\/spectacle-monique-seka-va-chanter-bonne-fete-maman\/","url":"https:\/\/7culture.ci\/index.php\/2021\/06\/04\/spectacle-monique-seka-va-chanter-bonne-fete-maman\/","name":"SPECTACLE : MONIQUE S\u00c9KA VA CHANTER BONNE F\u00caTE MAMAN ! - 7culture","isPartOf":{"@id":"https:\/\/7culture.ci\/#website"},"datePublished":"2021-06-04T14:26:52+00:00","dateModified":"2021-06-04T14:26:52+00:00","breadcrumb":{"@id":"https:\/\/7culture.ci\/index.php\/2021\/06\/04\/spectacle-monique-seka-va-chanter-bonne-fete-maman\/#breadcrumb"},"inLanguage":"fr-FR","potentialAction":[{"@type":"ReadAction","target":["https:\/\/7culture.ci\/index.php\/2021\/06\/04\/spectacle-monique-seka-va-chanter-bonne-fete-maman\/"]}]},{"@type":"BreadcrumbList","@id":"https:\/\/7culture.ci\/index.php\/2021\/06\/04\/spectacle-monique-seka-va-chanter-bonne-fete-maman\/#breadcrumb","itemListElement":[{"@type":"ListItem","position":1,"name":"Accueil","item":"https:\/\/7culture.ci\/"},{"@type":"ListItem","position":2,"name":"SPECTACLE : MONIQUE S\u00c9KA VA CHANTER BONNE F\u00caTE MAMAN !"}]},{"@type":"WebSite","@id":"https:\/\/7culture.ci\/#website","url":"https:\/\/7culture.ci\/","name":"7culture","description":"Tout sur l&#039;actualit\u00e9","publisher":{"@id":"https:\/\/7culture.ci\/#organization"},"potentialAction":[{"@type":"SearchAction","target":{"@type":"EntryPoint","urlTemplate":"https:\/\/7culture.ci\/?s={search_term_string}"},"query-input":"required name=search_term_string"}],"inLanguage":"fr-FR"},{"@type":"Organization","@id":"https:\/\/7culture.ci\/#organization","name":"7culture","url":"https:\/\/7culture.ci\/","sameAs":["https:\/\/www.facebook.com\/redchefclaude","https:\/\/twitter.com\/7culturec"],"logo":{"@type":"ImageObject","inLanguage":"fr-FR","@id":"https:\/\/7culture.ci\/#\/schema\/logo\/image\/","url":"https:\/\/7culture.ci\/wp-content\/uploads\/2021\/12\/S1a-1.png","contentUrl":"https:\/\/7culture.ci\/wp-content\/uploads\/2021\/12\/S1a-1.png","width":588,"height":192,"caption":"7culture"},"image":{"@id":"https:\/\/7culture.ci\/#\/schema\/logo\/image\/"}},{"@type":"Person","@id":"https:\/\/7culture.ci\/#\/schema\/person\/ac6600b76b439b1d2b8a3b734da1a17b","name":"Waly Tani","image":{"@type":"ImageObject","inLanguage":"fr-FR","@id":"https:\/\/7culture.ci\/#\/schema\/person\/image\/","url":"https:\/\/secure.gravatar.com\/avatar\/f4ffa85bd7cfe6e4376efc1fd606cdb7?s=96&d=mm&r=g","contentUrl":"https:\/\/secure.gravatar.com\/avatar\/f4ffa85bd7cfe6e4376efc1fd606cdb7?s=96&d=mm&r=g","caption":"Waly Tani"},"url":"https:\/\/7culture.ci\/index.php\/author\/waly-tani\/"}]}},"jetpack_featured_media_url":"","jetpack_likes_enabled":true,"jetpack_sharing_enabled":true,"_links":{"self":[{"href":"https:\/\/7culture.ci\/index.php\/wp-json\/wp\/v2\/posts\/11512"}],"collection":[{"href":"https:\/\/7culture.ci\/index.php\/wp-json\/wp\/v2\/posts"}],"about":[{"href":"https:\/\/7culture.ci\/index.php\/wp-json\/wp\/v2\/types\/post"}],"author":[{"embeddable":true,"href":"https:\/\/7culture.ci\/index.php\/wp-json\/wp\/v2\/users\/4"}],"replies":[{"embeddable":true,"href":"https:\/\/7culture.ci\/index.php\/wp-json\/wp\/v2\/comments?post=11512"}],"version-history":[{"count":0,"href":"https:\/\/7culture.ci\/index.php\/wp-json\/wp\/v2\/posts\/11512\/revisions"}],"wp:featuredmedia":[{"embeddable":true,"href":"https:\/\/7culture.ci\/index.php\/wp-json\/"}],"wp:attachment":[{"href":"https:\/\/7culture.ci\/index.php\/wp-json\/wp\/v2\/media?parent=11512"}],"wp:term":[{"taxonomy":"category","embeddable":true,"href":"https:\/\/7culture.ci\/index.php\/wp-json\/wp\/v2\/categories?post=11512"},{"taxonomy":"post_tag","embeddable":true,"href":"https:\/\/7culture.ci\/index.php\/wp-json\/wp\/v2\/tags?post=11512"}],"curies":[{"name":"wp","href":"https:\/\/api.w.org\/{rel}","templated":true}]}}