{"id":11489,"date":"2021-06-04T12:10:46","date_gmt":"2021-06-04T12:10:46","guid":{"rendered":"https:\/\/7culture.ci\/index.php\/2021\/06\/04\/affaire-deces-de-bb-carla-tina-dement\/"},"modified":"2021-06-04T12:10:46","modified_gmt":"2021-06-04T12:10:46","slug":"affaire-deces-de-bb-carla-tina-dement","status":"publish","type":"post","link":"https:\/\/7culture.ci\/index.php\/2021\/06\/04\/affaire-deces-de-bb-carla-tina-dement\/","title":{"rendered":"AFFAIRE D\u00c9C\u00c8S DE BB CARLA : TINA D\u00c9MENT !"},"content":{"rendered":"\n<p>C\u2019est vraiment regrettable, la honteuse cacophonie que nous entendons ce matin au sujet de BB Carla, hospitalis\u00e9e dans un \u00e9tat critique. Hier, les internautes avaient annonc\u00e9 le d\u00e9c\u00e8s de la petite s\u0153ur de feu Arafat DJ. Info que sa famille s\u2019\u00e9tait empress\u00e9e de d\u00e9mentir. Mais, ce matin aux environs de 9 heures, Marc Zopo, le grand-p\u00e8re de BB Carla a post\u00e9 la triste nouvelle de son d\u00e9c\u00e8s. Information qui a vite fait le tour des r\u00e9seaux sociaux d\u2019internet. Une heure apr\u00e8s le post de son oncle, Tina Glamour, la m\u00e8re de Carla K\u00e9k\u00e9 poste une vid\u00e9o dans laquelle elle d\u00e9ment le d\u00e9c\u00e8s de sa fille. \u00ab&nbsp;<strong><em>J\u2019ai laiss\u00e9 ma fille \u00e0 05h du matin, seule \u00e0 l\u2019h\u00f4pital. J\u2019apporte ce d\u00e9menti. Ma fille n\u2019est pas morte&nbsp;<\/em><\/strong>\u00bb, d\u00e9clare Tina. Elle reconnait n\u00e9anmoins que la petite est un \u00e9tat critique mais n\u2019est pas d\u00e9c\u00e9d\u00e9e.<\/p>\n\n\n\n[embedyt] https:\/\/www.youtube.com\/watch?v=EPyhLO9UE84[\/embedyt]\n\n\n\n<figure class=\\\"wp-block-image size-large is-resized\\\"><img src=\\\"http:\/\/7culture.ci\/fbf\/uploads\/2020\/07\/125480488_1224956794565417_5817671369545638829_n.jpg\\\" alt=\\\"\\\" class=\\\"wp-image-11483\\\" width=\\\"462\\\" height=\\\"597\\\"\/><\/figure>\n\n\n\n<p>Par Omar AK<\/p>\n","protected":false},"excerpt":{"rendered":"<p>C\u2019est vraiment regrettable, la honteuse cacophonie que nous entendons ce matin au sujet de BB Carla, hospitalis\u00e9e dans un \u00e9tat critique. Hier, les internautes avaient annonc\u00e9 le d\u00e9c\u00e8s de la petite s\u0153ur de feu Arafat DJ. Info que sa famille s\u2019\u00e9tait empress\u00e9e de d\u00e9mentir. Mais, ce matin aux environs de 9 heures, Marc Zopo, le &hellip;<\/p>\n<p class=\"read-more\"> <a class=\"\" href=\"https:\/\/7culture.ci\/index.php\/2021\/06\/04\/affaire-deces-de-bb-carla-tina-dement\/\"> <span class=\"screen-reader-text\">AFFAIRE D\u00c9C\u00c8S DE BB CARLA : TINA D\u00c9MENT !<\/span> Lire la suite\u00a0\u00bb<\/a><\/p>\n","protected":false},"author":4,"featured_media":11491,"comment_status":"open","ping_status":"closed","sticky":false,"template":"","format":"standard","meta":{"_mi_skip_tracking":false,"_monsterinsights_sitenote_active":false,"_monsterinsights_sitenote_note":"","_monsterinsights_sitenote_category":0,"site-sidebar-layout":"default","site-content-layout":"default","ast-global-header-display":"","ast-main-header-display":"","ast-hfb-above-header-display":"","ast-hfb-below-header-display":"","ast-hfb-mobile-header-display":"","site-post-title":"","ast-breadcrumbs-content":"","ast-featured-img":"","footer-sml-layout":"","theme-transparent-header-meta":"","adv-header-id-meta":"","stick-header-meta":"","header-above-stick-meta":"","header-main-stick-meta":"","header-below-stick-meta":"","footnotes":"","jetpack_publicize_message":"","jetpack_is_tweetstorm":false,"jetpack_publicize_feature_enabled":true},"categories":[22],"tags":[],"jetpack_publicize_connections":[],"acf":[],"aioseo_notices":[],"yoast_head":"<!-- This site is optimized with the Yoast SEO plugin v19.6.1 - https:\/\/yoast.com\/wordpress\/plugins\/seo\/ -->\n<title>AFFAIRE D\u00c9C\u00c8S DE BB CARLA : TINA D\u00c9MENT ! - 7culture<\/title>\n<meta name=\"robots\" content=\"index, follow, max-snippet:-1, max-image-preview:large, max-video-preview:-1\" \/>\n<link rel=\"canonical\" href=\"https:\/\/7culture.ci\/index.php\/2021\/06\/04\/affaire-deces-de-bb-carla-tina-dement\/\" \/>\n<meta property=\"og:locale\" content=\"fr_FR\" \/>\n<meta property=\"og:type\" content=\"article\" \/>\n<meta property=\"og:title\" content=\"AFFAIRE D\u00c9C\u00c8S DE BB CARLA : TINA D\u00c9MENT ! - 7culture\" \/>\n<meta property=\"og:description\" content=\"C\u2019est vraiment regrettable, la honteuse cacophonie que nous entendons ce matin au sujet de BB Carla, hospitalis\u00e9e dans un \u00e9tat critique. Hier, les internautes avaient annonc\u00e9 le d\u00e9c\u00e8s de la petite s\u0153ur de feu Arafat DJ. Info que sa famille s\u2019\u00e9tait empress\u00e9e de d\u00e9mentir. Mais, ce matin aux environs de 9 heures, Marc Zopo, le &hellip; AFFAIRE D\u00c9C\u00c8S DE BB CARLA : TINA D\u00c9MENT ! Lire la suite\u00a0\u00bb\" \/>\n<meta property=\"og:url\" content=\"https:\/\/7culture.ci\/index.php\/2021\/06\/04\/affaire-deces-de-bb-carla-tina-dement\/\" \/>\n<meta property=\"og:site_name\" content=\"7culture\" \/>\n<meta property=\"article:publisher\" content=\"https:\/\/www.facebook.com\/redchefclaude\" \/>\n<meta property=\"article:published_time\" content=\"2021-06-04T12:10:46+00:00\" \/>\n<meta name=\"author\" content=\"Waly Tani\" \/>\n<meta name=\"twitter:card\" content=\"summary_large_image\" \/>\n<meta name=\"twitter:creator\" content=\"@7culturec\" \/>\n<meta name=\"twitter:site\" content=\"@7culturec\" \/>\n<meta name=\"twitter:label1\" content=\"\u00c9crit par\" \/>\n\t<meta name=\"twitter:data1\" content=\"Waly Tani\" \/>\n\t<meta name=\"twitter:label2\" content=\"Dur\u00e9e de lecture estim\u00e9e\" \/>\n\t<meta name=\"twitter:data2\" content=\"1 minute\" \/>\n<script type=\"application\/ld+json\" class=\"yoast-schema-graph\">{\"@context\":\"https:\/\/schema.org\",\"@graph\":[{\"@type\":\"Article\",\"@id\":\"https:\/\/7culture.ci\/index.php\/2021\/06\/04\/affaire-deces-de-bb-carla-tina-dement\/#article\",\"isPartOf\":{\"@id\":\"https:\/\/7culture.ci\/index.php\/2021\/06\/04\/affaire-deces-de-bb-carla-tina-dement\/\"},\"author\":{\"name\":\"Waly Tani\",\"@id\":\"https:\/\/7culture.ci\/#\/schema\/person\/ac6600b76b439b1d2b8a3b734da1a17b\"},\"headline\":\"AFFAIRE D\u00c9C\u00c8S DE BB CARLA : TINA D\u00c9MENT !\",\"datePublished\":\"2021-06-04T12:10:46+00:00\",\"dateModified\":\"2021-06-04T12:10:46+00:00\",\"mainEntityOfPage\":{\"@id\":\"https:\/\/7culture.ci\/index.php\/2021\/06\/04\/affaire-deces-de-bb-carla-tina-dement\/\"},\"wordCount\":194,\"commentCount\":0,\"publisher\":{\"@id\":\"https:\/\/7culture.ci\/#organization\"},\"articleSection\":[\"Actualit\u00e9\"],\"inLanguage\":\"fr-FR\",\"potentialAction\":[{\"@type\":\"CommentAction\",\"name\":\"Comment\",\"target\":[\"https:\/\/7culture.ci\/index.php\/2021\/06\/04\/affaire-deces-de-bb-carla-tina-dement\/#respond\"]}]},{\"@type\":\"WebPage\",\"@id\":\"https:\/\/7culture.ci\/index.php\/2021\/06\/04\/affaire-deces-de-bb-carla-tina-dement\/\",\"url\":\"https:\/\/7culture.ci\/index.php\/2021\/06\/04\/affaire-deces-de-bb-carla-tina-dement\/\",\"name\":\"AFFAIRE D\u00c9C\u00c8S DE BB CARLA : TINA D\u00c9MENT ! - 7culture\",\"isPartOf\":{\"@id\":\"https:\/\/7culture.ci\/#website\"},\"datePublished\":\"2021-06-04T12:10:46+00:00\",\"dateModified\":\"2021-06-04T12:10:46+00:00\",\"breadcrumb\":{\"@id\":\"https:\/\/7culture.ci\/index.php\/2021\/06\/04\/affaire-deces-de-bb-carla-tina-dement\/#breadcrumb\"},\"inLanguage\":\"fr-FR\",\"potentialAction\":[{\"@type\":\"ReadAction\",\"target\":[\"https:\/\/7culture.ci\/index.php\/2021\/06\/04\/affaire-deces-de-bb-carla-tina-dement\/\"]}]},{\"@type\":\"BreadcrumbList\",\"@id\":\"https:\/\/7culture.ci\/index.php\/2021\/06\/04\/affaire-deces-de-bb-carla-tina-dement\/#breadcrumb\",\"itemListElement\":[{\"@type\":\"ListItem\",\"position\":1,\"name\":\"Accueil\",\"item\":\"https:\/\/7culture.ci\/\"},{\"@type\":\"ListItem\",\"position\":2,\"name\":\"AFFAIRE D\u00c9C\u00c8S DE BB CARLA : TINA D\u00c9MENT !\"}]},{\"@type\":\"WebSite\",\"@id\":\"https:\/\/7culture.ci\/#website\",\"url\":\"https:\/\/7culture.ci\/\",\"name\":\"7culture\",\"description\":\"Tout sur l&#039;actualit\u00e9\",\"publisher\":{\"@id\":\"https:\/\/7culture.ci\/#organization\"},\"potentialAction\":[{\"@type\":\"SearchAction\",\"target\":{\"@type\":\"EntryPoint\",\"urlTemplate\":\"https:\/\/7culture.ci\/?s={search_term_string}\"},\"query-input\":\"required name=search_term_string\"}],\"inLanguage\":\"fr-FR\"},{\"@type\":\"Organization\",\"@id\":\"https:\/\/7culture.ci\/#organization\",\"name\":\"7culture\",\"url\":\"https:\/\/7culture.ci\/\",\"sameAs\":[\"https:\/\/www.facebook.com\/redchefclaude\",\"https:\/\/twitter.com\/7culturec\"],\"logo\":{\"@type\":\"ImageObject\",\"inLanguage\":\"fr-FR\",\"@id\":\"https:\/\/7culture.ci\/#\/schema\/logo\/image\/\",\"url\":\"https:\/\/7culture.ci\/wp-content\/uploads\/2021\/12\/S1a-1.png\",\"contentUrl\":\"https:\/\/7culture.ci\/wp-content\/uploads\/2021\/12\/S1a-1.png\",\"width\":588,\"height\":192,\"caption\":\"7culture\"},\"image\":{\"@id\":\"https:\/\/7culture.ci\/#\/schema\/logo\/image\/\"}},{\"@type\":\"Person\",\"@id\":\"https:\/\/7culture.ci\/#\/schema\/person\/ac6600b76b439b1d2b8a3b734da1a17b\",\"name\":\"Waly Tani\",\"image\":{\"@type\":\"ImageObject\",\"inLanguage\":\"fr-FR\",\"@id\":\"https:\/\/7culture.ci\/#\/schema\/person\/image\/\",\"url\":\"https:\/\/secure.gravatar.com\/avatar\/f4ffa85bd7cfe6e4376efc1fd606cdb7?s=96&d=mm&r=g\",\"contentUrl\":\"https:\/\/secure.gravatar.com\/avatar\/f4ffa85bd7cfe6e4376efc1fd606cdb7?s=96&d=mm&r=g\",\"caption\":\"Waly Tani\"},\"url\":\"https:\/\/7culture.ci\/index.php\/author\/waly-tani\/\"}]}<\/script>\n<!-- \/ Yoast SEO plugin. -->","yoast_head_json":{"title":"AFFAIRE D\u00c9C\u00c8S DE BB CARLA : TINA D\u00c9MENT ! - 7culture","robots":{"index":"index","follow":"follow","max-snippet":"max-snippet:-1","max-image-preview":"max-image-preview:large","max-video-preview":"max-video-preview:-1"},"canonical":"https:\/\/7culture.ci\/index.php\/2021\/06\/04\/affaire-deces-de-bb-carla-tina-dement\/","og_locale":"fr_FR","og_type":"article","og_title":"AFFAIRE D\u00c9C\u00c8S DE BB CARLA : TINA D\u00c9MENT ! - 7culture","og_description":"C\u2019est vraiment regrettable, la honteuse cacophonie que nous entendons ce matin au sujet de BB Carla, hospitalis\u00e9e dans un \u00e9tat critique. Hier, les internautes avaient annonc\u00e9 le d\u00e9c\u00e8s de la petite s\u0153ur de feu Arafat DJ. Info que sa famille s\u2019\u00e9tait empress\u00e9e de d\u00e9mentir. Mais, ce matin aux environs de 9 heures, Marc Zopo, le &hellip; AFFAIRE D\u00c9C\u00c8S DE BB CARLA : TINA D\u00c9MENT ! Lire la suite\u00a0\u00bb","og_url":"https:\/\/7culture.ci\/index.php\/2021\/06\/04\/affaire-deces-de-bb-carla-tina-dement\/","og_site_name":"7culture","article_publisher":"https:\/\/www.facebook.com\/redchefclaude","article_published_time":"2021-06-04T12:10:46+00:00","author":"Waly Tani","twitter_card":"summary_large_image","twitter_creator":"@7culturec","twitter_site":"@7culturec","twitter_misc":{"\u00c9crit par":"Waly Tani","Dur\u00e9e de lecture estim\u00e9e":"1 minute"},"schema":{"@context":"https:\/\/schema.org","@graph":[{"@type":"Article","@id":"https:\/\/7culture.ci\/index.php\/2021\/06\/04\/affaire-deces-de-bb-carla-tina-dement\/#article","isPartOf":{"@id":"https:\/\/7culture.ci\/index.php\/2021\/06\/04\/affaire-deces-de-bb-carla-tina-dement\/"},"author":{"name":"Waly Tani","@id":"https:\/\/7culture.ci\/#\/schema\/person\/ac6600b76b439b1d2b8a3b734da1a17b"},"headline":"AFFAIRE D\u00c9C\u00c8S DE BB CARLA : TINA D\u00c9MENT !","datePublished":"2021-06-04T12:10:46+00:00","dateModified":"2021-06-04T12:10:46+00:00","mainEntityOfPage":{"@id":"https:\/\/7culture.ci\/index.php\/2021\/06\/04\/affaire-deces-de-bb-carla-tina-dement\/"},"wordCount":194,"commentCount":0,"publisher":{"@id":"https:\/\/7culture.ci\/#organization"},"articleSection":["Actualit\u00e9"],"inLanguage":"fr-FR","potentialAction":[{"@type":"CommentAction","name":"Comment","target":["https:\/\/7culture.ci\/index.php\/2021\/06\/04\/affaire-deces-de-bb-carla-tina-dement\/#respond"]}]},{"@type":"WebPage","@id":"https:\/\/7culture.ci\/index.php\/2021\/06\/04\/affaire-deces-de-bb-carla-tina-dement\/","url":"https:\/\/7culture.ci\/index.php\/2021\/06\/04\/affaire-deces-de-bb-carla-tina-dement\/","name":"AFFAIRE D\u00c9C\u00c8S DE BB CARLA : TINA D\u00c9MENT ! - 7culture","isPartOf":{"@id":"https:\/\/7culture.ci\/#website"},"datePublished":"2021-06-04T12:10:46+00:00","dateModified":"2021-06-04T12:10:46+00:00","breadcrumb":{"@id":"https:\/\/7culture.ci\/index.php\/2021\/06\/04\/affaire-deces-de-bb-carla-tina-dement\/#breadcrumb"},"inLanguage":"fr-FR","potentialAction":[{"@type":"ReadAction","target":["https:\/\/7culture.ci\/index.php\/2021\/06\/04\/affaire-deces-de-bb-carla-tina-dement\/"]}]},{"@type":"BreadcrumbList","@id":"https:\/\/7culture.ci\/index.php\/2021\/06\/04\/affaire-deces-de-bb-carla-tina-dement\/#breadcrumb","itemListElement":[{"@type":"ListItem","position":1,"name":"Accueil","item":"https:\/\/7culture.ci\/"},{"@type":"ListItem","position":2,"name":"AFFAIRE D\u00c9C\u00c8S DE BB CARLA : TINA D\u00c9MENT !"}]},{"@type":"WebSite","@id":"https:\/\/7culture.ci\/#website","url":"https:\/\/7culture.ci\/","name":"7culture","description":"Tout sur l&#039;actualit\u00e9","publisher":{"@id":"https:\/\/7culture.ci\/#organization"},"potentialAction":[{"@type":"SearchAction","target":{"@type":"EntryPoint","urlTemplate":"https:\/\/7culture.ci\/?s={search_term_string}"},"query-input":"required name=search_term_string"}],"inLanguage":"fr-FR"},{"@type":"Organization","@id":"https:\/\/7culture.ci\/#organization","name":"7culture","url":"https:\/\/7culture.ci\/","sameAs":["https:\/\/www.facebook.com\/redchefclaude","https:\/\/twitter.com\/7culturec"],"logo":{"@type":"ImageObject","inLanguage":"fr-FR","@id":"https:\/\/7culture.ci\/#\/schema\/logo\/image\/","url":"https:\/\/7culture.ci\/wp-content\/uploads\/2021\/12\/S1a-1.png","contentUrl":"https:\/\/7culture.ci\/wp-content\/uploads\/2021\/12\/S1a-1.png","width":588,"height":192,"caption":"7culture"},"image":{"@id":"https:\/\/7culture.ci\/#\/schema\/logo\/image\/"}},{"@type":"Person","@id":"https:\/\/7culture.ci\/#\/schema\/person\/ac6600b76b439b1d2b8a3b734da1a17b","name":"Waly Tani","image":{"@type":"ImageObject","inLanguage":"fr-FR","@id":"https:\/\/7culture.ci\/#\/schema\/person\/image\/","url":"https:\/\/secure.gravatar.com\/avatar\/f4ffa85bd7cfe6e4376efc1fd606cdb7?s=96&d=mm&r=g","contentUrl":"https:\/\/secure.gravatar.com\/avatar\/f4ffa85bd7cfe6e4376efc1fd606cdb7?s=96&d=mm&r=g","caption":"Waly Tani"},"url":"https:\/\/7culture.ci\/index.php\/author\/waly-tani\/"}]}},"jetpack_featured_media_url":"","jetpack_likes_enabled":true,"jetpack_sharing_enabled":true,"_links":{"self":[{"href":"https:\/\/7culture.ci\/index.php\/wp-json\/wp\/v2\/posts\/11489"}],"collection":[{"href":"https:\/\/7culture.ci\/index.php\/wp-json\/wp\/v2\/posts"}],"about":[{"href":"https:\/\/7culture.ci\/index.php\/wp-json\/wp\/v2\/types\/post"}],"author":[{"embeddable":true,"href":"https:\/\/7culture.ci\/index.php\/wp-json\/wp\/v2\/users\/4"}],"replies":[{"embeddable":true,"href":"https:\/\/7culture.ci\/index.php\/wp-json\/wp\/v2\/comments?post=11489"}],"version-history":[{"count":0,"href":"https:\/\/7culture.ci\/index.php\/wp-json\/wp\/v2\/posts\/11489\/revisions"}],"wp:featuredmedia":[{"embeddable":true,"href":"https:\/\/7culture.ci\/index.php\/wp-json\/"}],"wp:attachment":[{"href":"https:\/\/7culture.ci\/index.php\/wp-json\/wp\/v2\/media?parent=11489"}],"wp:term":[{"taxonomy":"category","embeddable":true,"href":"https:\/\/7culture.ci\/index.php\/wp-json\/wp\/v2\/categories?post=11489"},{"taxonomy":"post_tag","embeddable":true,"href":"https:\/\/7culture.ci\/index.php\/wp-json\/wp\/v2\/tags?post=11489"}],"curies":[{"name":"wp","href":"https:\/\/api.w.org\/{rel}","templated":true}]}}