{"id":11447,"date":"2021-06-03T16:50:10","date_gmt":"2021-06-03T16:50:10","guid":{"rendered":"https:\/\/7culture.ci\/index.php\/2021\/06\/03\/spectacle-digbeu-cravate-celebre-ses-25-ans-de-carriere\/"},"modified":"2022-01-12T23:48:44","modified_gmt":"2022-01-12T22:48:44","slug":"spectacle-digbeu-cravate-celebre-ses-25-ans-de-carriere","status":"publish","type":"post","link":"https:\/\/7culture.ci\/index.php\/2021\/06\/03\/spectacle-digbeu-cravate-celebre-ses-25-ans-de-carriere\/","title":{"rendered":"SPECTACLE : DIGBEU CRAVATE C\u00c9L\u00c8BRE SES 25 ANS DE CARRI\u00c8RE !"},"content":{"rendered":"\n<p>L\u2019acteur com\u00e9dien humoriste ivoirien Digbeu Cravate, \u2018\u2019\u00e9lu au Parlement du Rire\u2019\u2019 de la R\u00e9publique Tr\u00e8s Tr\u00e8s D\u00e9mocratique du Gondawana, c\u00e9l\u00e8bre ce samedi 5&nbsp; juin 2021, ses 25 ans de pr\u00e9sence sur les planches de th\u00e9\u00e2tre et sur les \u00e9crans de t\u00e9l\u00e9vision et de salles de cin\u00e9ma. C\u2019est dans les sketchs \u00e0 l\u2019\u00e9mission <em>Dimanche Passion<\/em>, dans les ann\u00e9es 1990, sur la RTI (Radiodiffusion-t\u00e9l\u00e9vision ivoirienne), anim\u00e9e par Barth\u00e9lemy Inabo, que le jeune com\u00e9dien s\u2019est r\u00e9v\u00e9l\u00e9 au public ivoirien.<\/p>\n\n\n\n<div class=\\\"wp-block-image\\\"><figure class=\\\"aligncenter size-large is-resized\\\"><img src=\\\"http:\/\/7culture.ci\/fbf\/uploads\/2021\/06\/digbeu1.jpg\\\" alt=\\\"\\\" class=\\\"wp-image-11456\\\" width=\\\"538\\\" height=\\\"716\\\"\/><\/figure><\/div>\n\n\n\n<p>Depuis, Digbeu Cravate n\u2019a cess\u00e9 de s\u00e9duire les spectateurs et les t\u00e9l\u00e9spectateurs par son talent. Pour les c\u00e9l\u00e9brations de ce brillant parcours d\u2019un quart de si\u00e8cle, l\u2019animateur qui lui a donn\u00e9 sa chance, promet d\u2019\u00eatre \u00e0 ses c\u00f4t\u00e9s au Palais des congr\u00e8s du Sofitel H\u00f4tel Ivoire, pour le soutenir. Barth\u00e9l\u00e9my Inabo l\u2019a indiqu\u00e9 le mercredi 2 juin 2021 dans l\u2019\u00e9mission <em>Willy \u00e0 Midi<\/em> sur Life TV.<\/p>\n\n\n\n<p>Digbeu Cravate, de son vrai nom Michel Zouho Bla, b\u00e9n\u00e9ficiera \u00e9galement&nbsp; du soutien de ses coll\u00e8gues du \u2018\u2019Parlement du Rire\u2019\u2019. Notamment, Michel Gohou, Mamane et Charlotte Ntamack. De nombreuses grandes figures du th\u00e9\u00e2tre et du cin\u00e9ma ivoirien et africain sont attendus \u00e0 ce spectacle. N\u00e9 le 7 janvier 1969 dans l\\&#8217;ouest de la C\u00f4te d\\&#8217;Ivoire, Digbeu Cravate est reconnu comme l\\&#8217;un des meilleurs com\u00e9diens humoristes ivoiriens. Il est en r\u00e9alit\u00e9 d\\&#8217;ethnie Yacouba, m\u00eame si dans ses prestations, il fait croire qu\\&#8217;il est d\\&#8217;ethnie B\u00e9t\u00e9 \u00e0 cause de son style purement d\\&#8217;un vieux B\u00e9t\u00e9.<\/p>\n\n\n\n<div class=\\\"wp-block-image\\\"><figure class=\\\"aligncenter size-large\\\"><img src=\\\"http:\/\/7culture.ci\/fbf\/uploads\/2020\/07\/Digbeu-Cravate.jpg\\\" alt=\\\"\\\" class=\\\"wp-image-11419\\\"\/><\/figure><\/div>\n\n\n\n<p>Le com\u00e9dien a progress\u00e9 des planches vers le cin\u00e9ma o\u00f9 il a incarn\u00e9 de nombreux r\u00f4les. C\\&#8217;est ce qui lui a permis de se retrouver dans la s\u00e9rie t\u00e9l\u00e9vis\u00e9e \u00e0 succ\u00e8s \u2018\u2019Ma famille\u2019\u2019&nbsp;diffus\u00e9e sur la cha\u00eene ivoirienne RTI, \u00e0 \u2018\u2019Le parlement du Rire\u2019\u2019 sur Canal +. Il a aussi jou\u00e9 dans les gags annuels \u2018\u2019Bonjour\u2019\u2019, en One man show et dans la s\u00e9rie \u2018<strong>\u2019Ma grande famille<\/strong>\u2019\u2019. Dans sa filmographie, on peut citer entre autres \u2018\u2019<strong>Bienvenue au Gondwana\u2019\u2019,<\/strong>&nbsp;\u2018<strong>\u2019Lago le terrible<\/strong>\u2019\u2019, \u2018\u2019La&nbsp;femme de mon patron\u2019\u2019\u2026<\/p>\n\n\n\n<figure class=\\\"wp-block-image size-large is-resized\\\"><img src=\\\"http:\/\/7culture.ci\/fbf\/uploads\/2021\/06\/digbeu2.jpg\\\" alt=\\\"\\\" class=\\\"wp-image-11457\\\" width=\\\"478\\\" height=\\\"637\\\"\/><\/figure>\n\n\n\n<p><strong>Adams T<\/strong><\/p>\n","protected":false},"excerpt":{"rendered":"<p>L\u2019acteur com\u00e9dien humoriste ivoirien Digbeu Cravate, \u2018\u2019\u00e9lu au Parlement du Rire\u2019\u2019 de la R\u00e9publique Tr\u00e8s Tr\u00e8s D\u00e9mocratique du Gondawana, c\u00e9l\u00e8bre ce samedi 5&nbsp; juin 2021, ses 25 ans de pr\u00e9sence sur les planches de th\u00e9\u00e2tre et sur les \u00e9crans de t\u00e9l\u00e9vision et de salles de cin\u00e9ma. C\u2019est dans les sketchs \u00e0 l\u2019\u00e9mission Dimanche Passion, dans &hellip;<\/p>\n<p class=\"read-more\"> <a class=\"\" href=\"https:\/\/7culture.ci\/index.php\/2021\/06\/03\/spectacle-digbeu-cravate-celebre-ses-25-ans-de-carriere\/\"> <span class=\"screen-reader-text\">SPECTACLE : DIGBEU CRAVATE C\u00c9L\u00c8BRE SES 25 ANS DE CARRI\u00c8RE !<\/span> Lire la suite\u00a0\u00bb<\/a><\/p>\n","protected":false},"author":4,"featured_media":295,"comment_status":"open","ping_status":"closed","sticky":false,"template":"","format":"standard","meta":{"_mi_skip_tracking":false,"_monsterinsights_sitenote_active":false,"_monsterinsights_sitenote_note":"","_monsterinsights_sitenote_category":0,"site-sidebar-layout":"default","site-content-layout":"default","ast-global-header-display":"","ast-main-header-display":"","ast-hfb-above-header-display":"","ast-hfb-below-header-display":"","ast-hfb-mobile-header-display":"","site-post-title":"","ast-breadcrumbs-content":"","ast-featured-img":"","footer-sml-layout":"","theme-transparent-header-meta":"","adv-header-id-meta":"","stick-header-meta":"","header-above-stick-meta":"","header-main-stick-meta":"","header-below-stick-meta":"","footnotes":"","jetpack_publicize_message":"","jetpack_is_tweetstorm":false,"jetpack_publicize_feature_enabled":true},"categories":[37],"tags":[],"jetpack_publicize_connections":[],"acf":[],"aioseo_notices":[],"yoast_head":"<!-- This site is optimized with the Yoast SEO plugin v19.6.1 - https:\/\/yoast.com\/wordpress\/plugins\/seo\/ -->\n<title>SPECTACLE : DIGBEU CRAVATE C\u00c9L\u00c8BRE SES 25 ANS DE CARRI\u00c8RE ! - 7culture<\/title>\n<meta name=\"robots\" content=\"index, follow, max-snippet:-1, max-image-preview:large, max-video-preview:-1\" \/>\n<link rel=\"canonical\" href=\"https:\/\/7culture.ci\/index.php\/2021\/06\/03\/spectacle-digbeu-cravate-celebre-ses-25-ans-de-carriere\/\" \/>\n<meta property=\"og:locale\" content=\"fr_FR\" \/>\n<meta property=\"og:type\" content=\"article\" \/>\n<meta property=\"og:title\" content=\"SPECTACLE : DIGBEU CRAVATE C\u00c9L\u00c8BRE SES 25 ANS DE CARRI\u00c8RE ! - 7culture\" \/>\n<meta property=\"og:description\" content=\"L\u2019acteur com\u00e9dien humoriste ivoirien Digbeu Cravate, \u2018\u2019\u00e9lu au Parlement du Rire\u2019\u2019 de la R\u00e9publique Tr\u00e8s Tr\u00e8s D\u00e9mocratique du Gondawana, c\u00e9l\u00e8bre ce samedi 5&nbsp; juin 2021, ses 25 ans de pr\u00e9sence sur les planches de th\u00e9\u00e2tre et sur les \u00e9crans de t\u00e9l\u00e9vision et de salles de cin\u00e9ma. C\u2019est dans les sketchs \u00e0 l\u2019\u00e9mission Dimanche Passion, dans &hellip; SPECTACLE : DIGBEU CRAVATE C\u00c9L\u00c8BRE SES 25 ANS DE CARRI\u00c8RE ! Lire la suite\u00a0\u00bb\" \/>\n<meta property=\"og:url\" content=\"https:\/\/7culture.ci\/index.php\/2021\/06\/03\/spectacle-digbeu-cravate-celebre-ses-25-ans-de-carriere\/\" \/>\n<meta property=\"og:site_name\" content=\"7culture\" \/>\n<meta property=\"article:publisher\" content=\"https:\/\/www.facebook.com\/redchefclaude\" \/>\n<meta property=\"article:published_time\" content=\"2021-06-03T16:50:10+00:00\" \/>\n<meta property=\"article:modified_time\" content=\"2022-01-12T22:48:44+00:00\" \/>\n<meta property=\"og:image\" content=\"http:\/\/7culture.ci\/wp-content\/uploads\/2021\/01\/child-care-template-expert-img-1.jpg\" \/>\n\t<meta property=\"og:image:width\" content=\"268\" \/>\n\t<meta property=\"og:image:height\" content=\"332\" \/>\n\t<meta property=\"og:image:type\" content=\"image\/jpeg\" \/>\n<meta name=\"author\" content=\"Waly Tani\" \/>\n<meta name=\"twitter:card\" content=\"summary_large_image\" \/>\n<meta name=\"twitter:creator\" content=\"@7culturec\" \/>\n<meta name=\"twitter:site\" content=\"@7culturec\" \/>\n<meta name=\"twitter:label1\" content=\"\u00c9crit par\" \/>\n\t<meta name=\"twitter:data1\" content=\"Waly Tani\" \/>\n\t<meta name=\"twitter:label2\" content=\"Dur\u00e9e de lecture estim\u00e9e\" \/>\n\t<meta name=\"twitter:data2\" content=\"2 minutes\" \/>\n<script type=\"application\/ld+json\" class=\"yoast-schema-graph\">{\"@context\":\"https:\/\/schema.org\",\"@graph\":[{\"@type\":\"Article\",\"@id\":\"https:\/\/7culture.ci\/index.php\/2021\/06\/03\/spectacle-digbeu-cravate-celebre-ses-25-ans-de-carriere\/#article\",\"isPartOf\":{\"@id\":\"https:\/\/7culture.ci\/index.php\/2021\/06\/03\/spectacle-digbeu-cravate-celebre-ses-25-ans-de-carriere\/\"},\"author\":{\"name\":\"Waly Tani\",\"@id\":\"https:\/\/7culture.ci\/#\/schema\/person\/ac6600b76b439b1d2b8a3b734da1a17b\"},\"headline\":\"SPECTACLE : DIGBEU CRAVATE C\u00c9L\u00c8BRE SES 25 ANS DE CARRI\u00c8RE !\",\"datePublished\":\"2021-06-03T16:50:10+00:00\",\"dateModified\":\"2022-01-12T22:48:44+00:00\",\"mainEntityOfPage\":{\"@id\":\"https:\/\/7culture.ci\/index.php\/2021\/06\/03\/spectacle-digbeu-cravate-celebre-ses-25-ans-de-carriere\/\"},\"wordCount\":395,\"commentCount\":0,\"publisher\":{\"@id\":\"https:\/\/7culture.ci\/#organization\"},\"articleSection\":[\"Th\u00e9\u00e2tre\"],\"inLanguage\":\"fr-FR\",\"potentialAction\":[{\"@type\":\"CommentAction\",\"name\":\"Comment\",\"target\":[\"https:\/\/7culture.ci\/index.php\/2021\/06\/03\/spectacle-digbeu-cravate-celebre-ses-25-ans-de-carriere\/#respond\"]}]},{\"@type\":\"WebPage\",\"@id\":\"https:\/\/7culture.ci\/index.php\/2021\/06\/03\/spectacle-digbeu-cravate-celebre-ses-25-ans-de-carriere\/\",\"url\":\"https:\/\/7culture.ci\/index.php\/2021\/06\/03\/spectacle-digbeu-cravate-celebre-ses-25-ans-de-carriere\/\",\"name\":\"SPECTACLE : DIGBEU CRAVATE C\u00c9L\u00c8BRE SES 25 ANS DE CARRI\u00c8RE ! - 7culture\",\"isPartOf\":{\"@id\":\"https:\/\/7culture.ci\/#website\"},\"datePublished\":\"2021-06-03T16:50:10+00:00\",\"dateModified\":\"2022-01-12T22:48:44+00:00\",\"breadcrumb\":{\"@id\":\"https:\/\/7culture.ci\/index.php\/2021\/06\/03\/spectacle-digbeu-cravate-celebre-ses-25-ans-de-carriere\/#breadcrumb\"},\"inLanguage\":\"fr-FR\",\"potentialAction\":[{\"@type\":\"ReadAction\",\"target\":[\"https:\/\/7culture.ci\/index.php\/2021\/06\/03\/spectacle-digbeu-cravate-celebre-ses-25-ans-de-carriere\/\"]}]},{\"@type\":\"BreadcrumbList\",\"@id\":\"https:\/\/7culture.ci\/index.php\/2021\/06\/03\/spectacle-digbeu-cravate-celebre-ses-25-ans-de-carriere\/#breadcrumb\",\"itemListElement\":[{\"@type\":\"ListItem\",\"position\":1,\"name\":\"Accueil\",\"item\":\"https:\/\/7culture.ci\/\"},{\"@type\":\"ListItem\",\"position\":2,\"name\":\"SPECTACLE : DIGBEU CRAVATE C\u00c9L\u00c8BRE SES 25 ANS DE CARRI\u00c8RE !\"}]},{\"@type\":\"WebSite\",\"@id\":\"https:\/\/7culture.ci\/#website\",\"url\":\"https:\/\/7culture.ci\/\",\"name\":\"7culture\",\"description\":\"Tout sur l&#039;actualit\u00e9\",\"publisher\":{\"@id\":\"https:\/\/7culture.ci\/#organization\"},\"potentialAction\":[{\"@type\":\"SearchAction\",\"target\":{\"@type\":\"EntryPoint\",\"urlTemplate\":\"https:\/\/7culture.ci\/?s={search_term_string}\"},\"query-input\":\"required name=search_term_string\"}],\"inLanguage\":\"fr-FR\"},{\"@type\":\"Organization\",\"@id\":\"https:\/\/7culture.ci\/#organization\",\"name\":\"7culture\",\"url\":\"https:\/\/7culture.ci\/\",\"sameAs\":[\"https:\/\/www.facebook.com\/redchefclaude\",\"https:\/\/twitter.com\/7culturec\"],\"logo\":{\"@type\":\"ImageObject\",\"inLanguage\":\"fr-FR\",\"@id\":\"https:\/\/7culture.ci\/#\/schema\/logo\/image\/\",\"url\":\"https:\/\/7culture.ci\/wp-content\/uploads\/2021\/12\/S1a-1.png\",\"contentUrl\":\"https:\/\/7culture.ci\/wp-content\/uploads\/2021\/12\/S1a-1.png\",\"width\":588,\"height\":192,\"caption\":\"7culture\"},\"image\":{\"@id\":\"https:\/\/7culture.ci\/#\/schema\/logo\/image\/\"}},{\"@type\":\"Person\",\"@id\":\"https:\/\/7culture.ci\/#\/schema\/person\/ac6600b76b439b1d2b8a3b734da1a17b\",\"name\":\"Waly Tani\",\"image\":{\"@type\":\"ImageObject\",\"inLanguage\":\"fr-FR\",\"@id\":\"https:\/\/7culture.ci\/#\/schema\/person\/image\/\",\"url\":\"https:\/\/secure.gravatar.com\/avatar\/f4ffa85bd7cfe6e4376efc1fd606cdb7?s=96&d=mm&r=g\",\"contentUrl\":\"https:\/\/secure.gravatar.com\/avatar\/f4ffa85bd7cfe6e4376efc1fd606cdb7?s=96&d=mm&r=g\",\"caption\":\"Waly Tani\"},\"url\":\"https:\/\/7culture.ci\/index.php\/author\/waly-tani\/\"}]}<\/script>\n<!-- \/ Yoast SEO plugin. -->","yoast_head_json":{"title":"SPECTACLE : DIGBEU CRAVATE C\u00c9L\u00c8BRE SES 25 ANS DE CARRI\u00c8RE ! - 7culture","robots":{"index":"index","follow":"follow","max-snippet":"max-snippet:-1","max-image-preview":"max-image-preview:large","max-video-preview":"max-video-preview:-1"},"canonical":"https:\/\/7culture.ci\/index.php\/2021\/06\/03\/spectacle-digbeu-cravate-celebre-ses-25-ans-de-carriere\/","og_locale":"fr_FR","og_type":"article","og_title":"SPECTACLE : DIGBEU CRAVATE C\u00c9L\u00c8BRE SES 25 ANS DE CARRI\u00c8RE ! - 7culture","og_description":"L\u2019acteur com\u00e9dien humoriste ivoirien Digbeu Cravate, \u2018\u2019\u00e9lu au Parlement du Rire\u2019\u2019 de la R\u00e9publique Tr\u00e8s Tr\u00e8s D\u00e9mocratique du Gondawana, c\u00e9l\u00e8bre ce samedi 5&nbsp; juin 2021, ses 25 ans de pr\u00e9sence sur les planches de th\u00e9\u00e2tre et sur les \u00e9crans de t\u00e9l\u00e9vision et de salles de cin\u00e9ma. C\u2019est dans les sketchs \u00e0 l\u2019\u00e9mission Dimanche Passion, dans &hellip; SPECTACLE : DIGBEU CRAVATE C\u00c9L\u00c8BRE SES 25 ANS DE CARRI\u00c8RE ! Lire la suite\u00a0\u00bb","og_url":"https:\/\/7culture.ci\/index.php\/2021\/06\/03\/spectacle-digbeu-cravate-celebre-ses-25-ans-de-carriere\/","og_site_name":"7culture","article_publisher":"https:\/\/www.facebook.com\/redchefclaude","article_published_time":"2021-06-03T16:50:10+00:00","article_modified_time":"2022-01-12T22:48:44+00:00","og_image":[{"width":268,"height":332,"url":"http:\/\/7culture.ci\/wp-content\/uploads\/2021\/01\/child-care-template-expert-img-1.jpg","type":"image\/jpeg"}],"author":"Waly Tani","twitter_card":"summary_large_image","twitter_creator":"@7culturec","twitter_site":"@7culturec","twitter_misc":{"\u00c9crit par":"Waly Tani","Dur\u00e9e de lecture estim\u00e9e":"2 minutes"},"schema":{"@context":"https:\/\/schema.org","@graph":[{"@type":"Article","@id":"https:\/\/7culture.ci\/index.php\/2021\/06\/03\/spectacle-digbeu-cravate-celebre-ses-25-ans-de-carriere\/#article","isPartOf":{"@id":"https:\/\/7culture.ci\/index.php\/2021\/06\/03\/spectacle-digbeu-cravate-celebre-ses-25-ans-de-carriere\/"},"author":{"name":"Waly Tani","@id":"https:\/\/7culture.ci\/#\/schema\/person\/ac6600b76b439b1d2b8a3b734da1a17b"},"headline":"SPECTACLE : DIGBEU CRAVATE C\u00c9L\u00c8BRE SES 25 ANS DE CARRI\u00c8RE !","datePublished":"2021-06-03T16:50:10+00:00","dateModified":"2022-01-12T22:48:44+00:00","mainEntityOfPage":{"@id":"https:\/\/7culture.ci\/index.php\/2021\/06\/03\/spectacle-digbeu-cravate-celebre-ses-25-ans-de-carriere\/"},"wordCount":395,"commentCount":0,"publisher":{"@id":"https:\/\/7culture.ci\/#organization"},"articleSection":["Th\u00e9\u00e2tre"],"inLanguage":"fr-FR","potentialAction":[{"@type":"CommentAction","name":"Comment","target":["https:\/\/7culture.ci\/index.php\/2021\/06\/03\/spectacle-digbeu-cravate-celebre-ses-25-ans-de-carriere\/#respond"]}]},{"@type":"WebPage","@id":"https:\/\/7culture.ci\/index.php\/2021\/06\/03\/spectacle-digbeu-cravate-celebre-ses-25-ans-de-carriere\/","url":"https:\/\/7culture.ci\/index.php\/2021\/06\/03\/spectacle-digbeu-cravate-celebre-ses-25-ans-de-carriere\/","name":"SPECTACLE : DIGBEU CRAVATE C\u00c9L\u00c8BRE SES 25 ANS DE CARRI\u00c8RE ! - 7culture","isPartOf":{"@id":"https:\/\/7culture.ci\/#website"},"datePublished":"2021-06-03T16:50:10+00:00","dateModified":"2022-01-12T22:48:44+00:00","breadcrumb":{"@id":"https:\/\/7culture.ci\/index.php\/2021\/06\/03\/spectacle-digbeu-cravate-celebre-ses-25-ans-de-carriere\/#breadcrumb"},"inLanguage":"fr-FR","potentialAction":[{"@type":"ReadAction","target":["https:\/\/7culture.ci\/index.php\/2021\/06\/03\/spectacle-digbeu-cravate-celebre-ses-25-ans-de-carriere\/"]}]},{"@type":"BreadcrumbList","@id":"https:\/\/7culture.ci\/index.php\/2021\/06\/03\/spectacle-digbeu-cravate-celebre-ses-25-ans-de-carriere\/#breadcrumb","itemListElement":[{"@type":"ListItem","position":1,"name":"Accueil","item":"https:\/\/7culture.ci\/"},{"@type":"ListItem","position":2,"name":"SPECTACLE : DIGBEU CRAVATE C\u00c9L\u00c8BRE SES 25 ANS DE CARRI\u00c8RE !"}]},{"@type":"WebSite","@id":"https:\/\/7culture.ci\/#website","url":"https:\/\/7culture.ci\/","name":"7culture","description":"Tout sur l&#039;actualit\u00e9","publisher":{"@id":"https:\/\/7culture.ci\/#organization"},"potentialAction":[{"@type":"SearchAction","target":{"@type":"EntryPoint","urlTemplate":"https:\/\/7culture.ci\/?s={search_term_string}"},"query-input":"required name=search_term_string"}],"inLanguage":"fr-FR"},{"@type":"Organization","@id":"https:\/\/7culture.ci\/#organization","name":"7culture","url":"https:\/\/7culture.ci\/","sameAs":["https:\/\/www.facebook.com\/redchefclaude","https:\/\/twitter.com\/7culturec"],"logo":{"@type":"ImageObject","inLanguage":"fr-FR","@id":"https:\/\/7culture.ci\/#\/schema\/logo\/image\/","url":"https:\/\/7culture.ci\/wp-content\/uploads\/2021\/12\/S1a-1.png","contentUrl":"https:\/\/7culture.ci\/wp-content\/uploads\/2021\/12\/S1a-1.png","width":588,"height":192,"caption":"7culture"},"image":{"@id":"https:\/\/7culture.ci\/#\/schema\/logo\/image\/"}},{"@type":"Person","@id":"https:\/\/7culture.ci\/#\/schema\/person\/ac6600b76b439b1d2b8a3b734da1a17b","name":"Waly Tani","image":{"@type":"ImageObject","inLanguage":"fr-FR","@id":"https:\/\/7culture.ci\/#\/schema\/person\/image\/","url":"https:\/\/secure.gravatar.com\/avatar\/f4ffa85bd7cfe6e4376efc1fd606cdb7?s=96&d=mm&r=g","contentUrl":"https:\/\/secure.gravatar.com\/avatar\/f4ffa85bd7cfe6e4376efc1fd606cdb7?s=96&d=mm&r=g","caption":"Waly Tani"},"url":"https:\/\/7culture.ci\/index.php\/author\/waly-tani\/"}]}},"jetpack_featured_media_url":"https:\/\/7culture.ci\/wp-content\/uploads\/2021\/01\/child-care-template-expert-img-1.jpg","jetpack_likes_enabled":true,"jetpack_sharing_enabled":true,"_links":{"self":[{"href":"https:\/\/7culture.ci\/index.php\/wp-json\/wp\/v2\/posts\/11447"}],"collection":[{"href":"https:\/\/7culture.ci\/index.php\/wp-json\/wp\/v2\/posts"}],"about":[{"href":"https:\/\/7culture.ci\/index.php\/wp-json\/wp\/v2\/types\/post"}],"author":[{"embeddable":true,"href":"https:\/\/7culture.ci\/index.php\/wp-json\/wp\/v2\/users\/4"}],"replies":[{"embeddable":true,"href":"https:\/\/7culture.ci\/index.php\/wp-json\/wp\/v2\/comments?post=11447"}],"version-history":[{"count":0,"href":"https:\/\/7culture.ci\/index.php\/wp-json\/wp\/v2\/posts\/11447\/revisions"}],"wp:featuredmedia":[{"embeddable":true,"href":"https:\/\/7culture.ci\/index.php\/wp-json\/wp\/v2\/media\/295"}],"wp:attachment":[{"href":"https:\/\/7culture.ci\/index.php\/wp-json\/wp\/v2\/media?parent=11447"}],"wp:term":[{"taxonomy":"category","embeddable":true,"href":"https:\/\/7culture.ci\/index.php\/wp-json\/wp\/v2\/categories?post=11447"},{"taxonomy":"post_tag","embeddable":true,"href":"https:\/\/7culture.ci\/index.php\/wp-json\/wp\/v2\/tags?post=11447"}],"curies":[{"name":"wp","href":"https:\/\/api.w.org\/{rel}","templated":true}]}}