{"id":11325,"date":"2021-06-01T10:42:32","date_gmt":"2021-06-01T10:42:32","guid":{"rendered":"https:\/\/7culture.ci\/index.php\/2021\/06\/01\/salon-et-awards-de-la-presse-numerique-de-cote-divoire-un-rendez-vous-pour-developper-lecosysteme-economique-du-secteur\/"},"modified":"2022-01-12T23:42:21","modified_gmt":"2022-01-12T22:42:21","slug":"salon-et-awards-de-la-presse-numerique-de-cote-divoire-un-rendez-vous-pour-developper-lecosysteme-economique-du-secteur","status":"publish","type":"post","link":"https:\/\/7culture.ci\/index.php\/2021\/06\/01\/salon-et-awards-de-la-presse-numerique-de-cote-divoire-un-rendez-vous-pour-developper-lecosysteme-economique-du-secteur\/","title":{"rendered":"SALON ET AWARDS DE LA PRESSE NUMERIQUE DE COTE D\u2019IVOIRE : UN  RENDEZ-VOUS POUR DEVELOPPER L\u2019ECOSYSTEME ECONOMIQUE DU SECTEUR"},"content":{"rendered":"\n<p>\u00ab&nbsp;<em>L\u2019impact de la presse num\u00e9rique sur l\u2019environnement \u00e9cologique, \u00e9conomique et socio-politique en C\u00f4te d\u2019Ivoire&nbsp;<\/em>\u00bb, tel est le th\u00e8me de la premi\u00e8re \u00e9dition du salon et Awards de la presse num\u00e9rique de C\u00f4te d\u2019Ivoire. L\u2019\u00e9v\u00e9nement se tient du 31 mai au 1<sup>er<\/sup> juin 2021 \u00e0 l\u2019immeuble de la caisse de retraite par r\u00e9partition avec \u00e9pargne de l\\&#8217;Union Mon\u00e9taire Ouest Africaine (CRRAE-UMOA), dans la commune du Plateau \u00e0 Abidjan. Conf\u00e9rence pl\u00e9ni\u00e8re, panels, formations, exposition stands, d\u00e9couverte et pr\u00e9sentation, rencontre B2B, espace media, soir\u00e9e gala de distinctions des meilleurs sites internet d\u2019informations, de la meilleure entreprises de presse num\u00e9rique etc., sont au menu de cet \u00e9v\u00e9nement.<\/p>\n\n\n\n<figure class=\\\"wp-block-image size-large\\\"><img src=\\\"http:\/\/7culture.ci\/fbf\/uploads\/2020\/07\/WhatsApp-Image-2021-06-01-at-09.22.14-1.jpeg\\\" alt=\\\"\\\" class=\\\"wp-image-11311\\\"\/><\/figure>\n\n\n\n<p>La c\u00e9r\u00e9monie de lancement a eu lieu le lundi 31 mai \u00e0 la salle de conf\u00e9rence de la CRRAE. C\u2019\u00e9tait en pr\u00e9sence de son excellence M. Li WAN, ambassadeur de Chine en C\u00f4te d\\&#8217;Ivoire, pays invit\u00e9 sp\u00e9cial de cette \u00e9dition 2021. Ainsi que Mme Anne Lemaistre, directrice du bureau Unesco Abidjan. Les repr\u00e9sentants du minist\u00e8re de la communication et de la francophonie, du minist\u00e8re de la poste et de l\u2019\u00e9conomie num\u00e9rique, du minist\u00e8re de l\u2019environnement et du d\u00e9veloppement durable, du minist\u00e8re de la promotion de la jeunesse et de l\u2019emploi jeunes, du minist\u00e8re de l\u2019environnement et du d\u00e9veloppement durable ont rehauss\u00e9 de leur pr\u00e9sence l\u2019\u00e9v\u00e8nement. Les responsables des organisations&nbsp; professionnelles des media et de journalistes, dont l\u2019UNJCI, le Gepci, le Reprelci y ont pris part. Pour Jo\u00ebl Nianzou, pr\u00e9sident de la plateforme de la presse num\u00e9rique de C\u00f4te d\\&#8217;Ivoire (Pnci), commissaire g\u00e9n\u00e9ral de l\u2019\u00e9v\u00e9nement, \u00ab&nbsp;<em><strong>il s\u2019agit, aux sorties des assises, de tirer de bonnes exp\u00e9riences entre les acteurs du secteur, afin d\u2019am\u00e9liorer la gestion administrative, financi\u00e8re et le contenu des media en ligne en C\u00f4te d\u2019Ivoire, de professionnaliser les acteurs du secteur et de cr\u00e9er une plateforme de collaboration entre eux et les pouvoirs publics<\/strong><\/em>&nbsp;\u00bb. L\u2019ambassadeur de la Chine s\u2019est r\u00e9joui de cette initiative de la PNCI, qui offre l\u2019occasion aux journalistes de se remettre en cause&nbsp; afin d\u2019am\u00e9liorer leur efficacit\u00e9. Il a assur\u00e9 de l\u2019engagement de son pays \u00e0 soutenir la formation des journalistes et \u00e9 d\u00e9velopper les media en C\u00f4te d\u2019Ivoire.&nbsp;\u00ab&nbsp;<strong><em>Au-del\u00e0 des distinctions que recevront les acteurs du secteur de la presse en ligne, l\u2019UNJCI est heureuse de l\u2019opportunit\u00e9 que les assises offrent aux chefs d\u2019entreprises des plateformes num\u00e9riques de se former \u00e0 la gestion administrative et financi\u00e8re de leurs soci\u00e9t\u00e9s<\/em><\/strong>&nbsp;\u00bb, a soulign\u00e9 Laurent Okou\u00e9, vice-pr\u00e9sident de l\u2019UNJCI.<\/p>\n\n\n\n<div class=\\\"wp-block-image\\\"><figure class=\\\"aligncenter size-large\\\"><img src=\\\"http:\/\/7culture.ci\/fbf\/uploads\/2020\/07\/WhatsApp-Image-2021-06-01-at-09.22.14-2.jpeg\\\" alt=\\\"\\\" class=\\\"wp-image-11310\\\"\/><\/figure><\/div>\n\n\n\n<p>Deux conf\u00e9rences pl\u00e9ni\u00e8res ont ouvert cette premi\u00e8re journ\u00e9e. Elles ont \u00e9t\u00e9 suivies de la visite des diff\u00e9rents stands d\u2019exposition par les invit\u00e9s et le grand public. Une vingtaine de plateforme num\u00e9rique ont pr\u00e9sent\u00e9 leurs diff\u00e9rents services aux visiteurs. L\u2019apr\u00e8s-midi du mardi 1<sup>er<\/sup> juin, sera consacr\u00e9 \u00e0 la distinction de la meilleure entreprise de presse num\u00e9rique, du meilleur site internet, du meilleur journaliste web etc.<\/p>\n\n\n\n<figure class=\\\"wp-block-image size-large\\\"><img src=\\\"http:\/\/7culture.ci\/fbf\/uploads\/2020\/07\/WhatsApp-Image-2021-06-01-at-09.22.14.jpeg\\\" alt=\\\"\\\" class=\\\"wp-image-11312\\\"\/><\/figure>\n\n\n\n<p><strong>Adams T<\/strong><\/p>\n\n\n\n<p><\/p>\n","protected":false},"excerpt":{"rendered":"<p>\u00ab&nbsp;L\u2019impact de la presse num\u00e9rique sur l\u2019environnement \u00e9cologique, \u00e9conomique et socio-politique en C\u00f4te d\u2019Ivoire&nbsp;\u00bb, tel est le th\u00e8me de la premi\u00e8re \u00e9dition du salon et Awards de la presse num\u00e9rique de C\u00f4te d\u2019Ivoire. L\u2019\u00e9v\u00e9nement se tient du 31 mai au 1er juin 2021 \u00e0 l\u2019immeuble de la caisse de retraite par r\u00e9partition avec \u00e9pargne de &hellip;<\/p>\n<p class=\"read-more\"> <a class=\"\" href=\"https:\/\/7culture.ci\/index.php\/2021\/06\/01\/salon-et-awards-de-la-presse-numerique-de-cote-divoire-un-rendez-vous-pour-developper-lecosysteme-economique-du-secteur\/\"> <span class=\"screen-reader-text\">SALON ET AWARDS DE LA PRESSE NUMERIQUE DE COTE D\u2019IVOIRE : UN  RENDEZ-VOUS POUR DEVELOPPER L\u2019ECOSYSTEME ECONOMIQUE DU SECTEUR<\/span> Lire la suite\u00a0\u00bb<\/a><\/p>\n","protected":false},"author":4,"featured_media":275,"comment_status":"open","ping_status":"closed","sticky":false,"template":"","format":"standard","meta":{"_mi_skip_tracking":false,"_monsterinsights_sitenote_active":false,"_monsterinsights_sitenote_note":"","_monsterinsights_sitenote_category":0,"site-sidebar-layout":"default","site-content-layout":"default","ast-global-header-display":"","ast-main-header-display":"","ast-hfb-above-header-display":"","ast-hfb-below-header-display":"","ast-hfb-mobile-header-display":"","site-post-title":"","ast-breadcrumbs-content":"","ast-featured-img":"","footer-sml-layout":"","theme-transparent-header-meta":"","adv-header-id-meta":"","stick-header-meta":"","header-above-stick-meta":"","header-main-stick-meta":"","header-below-stick-meta":"","footnotes":"","jetpack_publicize_message":"","jetpack_is_tweetstorm":false,"jetpack_publicize_feature_enabled":true},"categories":[33],"tags":[],"jetpack_publicize_connections":[],"acf":[],"aioseo_notices":[],"yoast_head":"<!-- This site is optimized with the Yoast SEO plugin v19.6.1 - https:\/\/yoast.com\/wordpress\/plugins\/seo\/ -->\n<title>SALON ET AWARDS DE LA PRESSE NUMERIQUE DE COTE D\u2019IVOIRE : UN RENDEZ-VOUS POUR DEVELOPPER L\u2019ECOSYSTEME ECONOMIQUE DU SECTEUR - 7culture<\/title>\n<meta name=\"robots\" content=\"index, follow, max-snippet:-1, max-image-preview:large, max-video-preview:-1\" \/>\n<link rel=\"canonical\" href=\"https:\/\/7culture.ci\/index.php\/2021\/06\/01\/salon-et-awards-de-la-presse-numerique-de-cote-divoire-un-rendez-vous-pour-developper-lecosysteme-economique-du-secteur\/\" \/>\n<meta property=\"og:locale\" content=\"fr_FR\" \/>\n<meta property=\"og:type\" content=\"article\" \/>\n<meta property=\"og:title\" content=\"SALON ET AWARDS DE LA PRESSE NUMERIQUE DE COTE D\u2019IVOIRE : UN RENDEZ-VOUS POUR DEVELOPPER L\u2019ECOSYSTEME ECONOMIQUE DU SECTEUR - 7culture\" \/>\n<meta property=\"og:description\" content=\"\u00ab&nbsp;L\u2019impact de la presse num\u00e9rique sur l\u2019environnement \u00e9cologique, \u00e9conomique et socio-politique en C\u00f4te d\u2019Ivoire&nbsp;\u00bb, tel est le th\u00e8me de la premi\u00e8re \u00e9dition du salon et Awards de la presse num\u00e9rique de C\u00f4te d\u2019Ivoire. L\u2019\u00e9v\u00e9nement se tient du 31 mai au 1er juin 2021 \u00e0 l\u2019immeuble de la caisse de retraite par r\u00e9partition avec \u00e9pargne de &hellip; SALON ET AWARDS DE LA PRESSE NUMERIQUE DE COTE D\u2019IVOIRE : UN RENDEZ-VOUS POUR DEVELOPPER L\u2019ECOSYSTEME ECONOMIQUE DU SECTEUR Lire la suite\u00a0\u00bb\" \/>\n<meta property=\"og:url\" content=\"https:\/\/7culture.ci\/index.php\/2021\/06\/01\/salon-et-awards-de-la-presse-numerique-de-cote-divoire-un-rendez-vous-pour-developper-lecosysteme-economique-du-secteur\/\" \/>\n<meta property=\"og:site_name\" content=\"7culture\" \/>\n<meta property=\"article:publisher\" content=\"https:\/\/www.facebook.com\/redchefclaude\" \/>\n<meta property=\"article:published_time\" content=\"2021-06-01T10:42:32+00:00\" \/>\n<meta property=\"article:modified_time\" content=\"2022-01-12T22:42:21+00:00\" \/>\n<meta property=\"og:image\" content=\"http:\/\/7culture.ci\/wp-content\/uploads\/2021\/01\/child-care-template-reviewer-img-1.jpg\" \/>\n\t<meta property=\"og:image:width\" content=\"80\" \/>\n\t<meta property=\"og:image:height\" content=\"80\" \/>\n\t<meta property=\"og:image:type\" content=\"image\/jpeg\" \/>\n<meta name=\"author\" content=\"Waly Tani\" \/>\n<meta name=\"twitter:card\" content=\"summary_large_image\" \/>\n<meta name=\"twitter:creator\" content=\"@7culturec\" \/>\n<meta name=\"twitter:site\" content=\"@7culturec\" \/>\n<meta name=\"twitter:label1\" content=\"\u00c9crit par\" \/>\n\t<meta name=\"twitter:data1\" content=\"Waly Tani\" \/>\n\t<meta name=\"twitter:label2\" content=\"Dur\u00e9e de lecture estim\u00e9e\" \/>\n\t<meta name=\"twitter:data2\" content=\"3 minutes\" \/>\n<script type=\"application\/ld+json\" class=\"yoast-schema-graph\">{\"@context\":\"https:\/\/schema.org\",\"@graph\":[{\"@type\":\"Article\",\"@id\":\"https:\/\/7culture.ci\/index.php\/2021\/06\/01\/salon-et-awards-de-la-presse-numerique-de-cote-divoire-un-rendez-vous-pour-developper-lecosysteme-economique-du-secteur\/#article\",\"isPartOf\":{\"@id\":\"https:\/\/7culture.ci\/index.php\/2021\/06\/01\/salon-et-awards-de-la-presse-numerique-de-cote-divoire-un-rendez-vous-pour-developper-lecosysteme-economique-du-secteur\/\"},\"author\":{\"name\":\"Waly Tani\",\"@id\":\"https:\/\/7culture.ci\/#\/schema\/person\/ac6600b76b439b1d2b8a3b734da1a17b\"},\"headline\":\"SALON ET AWARDS DE LA PRESSE NUMERIQUE DE COTE D\u2019IVOIRE : UN RENDEZ-VOUS POUR DEVELOPPER L\u2019ECOSYSTEME ECONOMIQUE DU SECTEUR\",\"datePublished\":\"2021-06-01T10:42:32+00:00\",\"dateModified\":\"2022-01-12T22:42:21+00:00\",\"mainEntityOfPage\":{\"@id\":\"https:\/\/7culture.ci\/index.php\/2021\/06\/01\/salon-et-awards-de-la-presse-numerique-de-cote-divoire-un-rendez-vous-pour-developper-lecosysteme-economique-du-secteur\/\"},\"wordCount\":579,\"commentCount\":0,\"publisher\":{\"@id\":\"https:\/\/7culture.ci\/#organization\"},\"articleSection\":[\"M\u00e9dia\"],\"inLanguage\":\"fr-FR\",\"potentialAction\":[{\"@type\":\"CommentAction\",\"name\":\"Comment\",\"target\":[\"https:\/\/7culture.ci\/index.php\/2021\/06\/01\/salon-et-awards-de-la-presse-numerique-de-cote-divoire-un-rendez-vous-pour-developper-lecosysteme-economique-du-secteur\/#respond\"]}]},{\"@type\":\"WebPage\",\"@id\":\"https:\/\/7culture.ci\/index.php\/2021\/06\/01\/salon-et-awards-de-la-presse-numerique-de-cote-divoire-un-rendez-vous-pour-developper-lecosysteme-economique-du-secteur\/\",\"url\":\"https:\/\/7culture.ci\/index.php\/2021\/06\/01\/salon-et-awards-de-la-presse-numerique-de-cote-divoire-un-rendez-vous-pour-developper-lecosysteme-economique-du-secteur\/\",\"name\":\"SALON ET AWARDS DE LA PRESSE NUMERIQUE DE COTE D\u2019IVOIRE : UN RENDEZ-VOUS POUR DEVELOPPER L\u2019ECOSYSTEME ECONOMIQUE DU SECTEUR - 7culture\",\"isPartOf\":{\"@id\":\"https:\/\/7culture.ci\/#website\"},\"datePublished\":\"2021-06-01T10:42:32+00:00\",\"dateModified\":\"2022-01-12T22:42:21+00:00\",\"breadcrumb\":{\"@id\":\"https:\/\/7culture.ci\/index.php\/2021\/06\/01\/salon-et-awards-de-la-presse-numerique-de-cote-divoire-un-rendez-vous-pour-developper-lecosysteme-economique-du-secteur\/#breadcrumb\"},\"inLanguage\":\"fr-FR\",\"potentialAction\":[{\"@type\":\"ReadAction\",\"target\":[\"https:\/\/7culture.ci\/index.php\/2021\/06\/01\/salon-et-awards-de-la-presse-numerique-de-cote-divoire-un-rendez-vous-pour-developper-lecosysteme-economique-du-secteur\/\"]}]},{\"@type\":\"BreadcrumbList\",\"@id\":\"https:\/\/7culture.ci\/index.php\/2021\/06\/01\/salon-et-awards-de-la-presse-numerique-de-cote-divoire-un-rendez-vous-pour-developper-lecosysteme-economique-du-secteur\/#breadcrumb\",\"itemListElement\":[{\"@type\":\"ListItem\",\"position\":1,\"name\":\"Accueil\",\"item\":\"https:\/\/7culture.ci\/\"},{\"@type\":\"ListItem\",\"position\":2,\"name\":\"SALON ET AWARDS DE LA PRESSE NUMERIQUE DE COTE D\u2019IVOIRE : UN RENDEZ-VOUS POUR DEVELOPPER L\u2019ECOSYSTEME ECONOMIQUE DU SECTEUR\"}]},{\"@type\":\"WebSite\",\"@id\":\"https:\/\/7culture.ci\/#website\",\"url\":\"https:\/\/7culture.ci\/\",\"name\":\"7culture\",\"description\":\"Tout sur l&#039;actualit\u00e9\",\"publisher\":{\"@id\":\"https:\/\/7culture.ci\/#organization\"},\"potentialAction\":[{\"@type\":\"SearchAction\",\"target\":{\"@type\":\"EntryPoint\",\"urlTemplate\":\"https:\/\/7culture.ci\/?s={search_term_string}\"},\"query-input\":\"required name=search_term_string\"}],\"inLanguage\":\"fr-FR\"},{\"@type\":\"Organization\",\"@id\":\"https:\/\/7culture.ci\/#organization\",\"name\":\"7culture\",\"url\":\"https:\/\/7culture.ci\/\",\"sameAs\":[\"https:\/\/www.facebook.com\/redchefclaude\",\"https:\/\/twitter.com\/7culturec\"],\"logo\":{\"@type\":\"ImageObject\",\"inLanguage\":\"fr-FR\",\"@id\":\"https:\/\/7culture.ci\/#\/schema\/logo\/image\/\",\"url\":\"https:\/\/7culture.ci\/wp-content\/uploads\/2021\/12\/S1a-1.png\",\"contentUrl\":\"https:\/\/7culture.ci\/wp-content\/uploads\/2021\/12\/S1a-1.png\",\"width\":588,\"height\":192,\"caption\":\"7culture\"},\"image\":{\"@id\":\"https:\/\/7culture.ci\/#\/schema\/logo\/image\/\"}},{\"@type\":\"Person\",\"@id\":\"https:\/\/7culture.ci\/#\/schema\/person\/ac6600b76b439b1d2b8a3b734da1a17b\",\"name\":\"Waly Tani\",\"image\":{\"@type\":\"ImageObject\",\"inLanguage\":\"fr-FR\",\"@id\":\"https:\/\/7culture.ci\/#\/schema\/person\/image\/\",\"url\":\"https:\/\/secure.gravatar.com\/avatar\/f4ffa85bd7cfe6e4376efc1fd606cdb7?s=96&d=mm&r=g\",\"contentUrl\":\"https:\/\/secure.gravatar.com\/avatar\/f4ffa85bd7cfe6e4376efc1fd606cdb7?s=96&d=mm&r=g\",\"caption\":\"Waly Tani\"},\"url\":\"https:\/\/7culture.ci\/index.php\/author\/waly-tani\/\"}]}<\/script>\n<!-- \/ Yoast SEO plugin. -->","yoast_head_json":{"title":"SALON ET AWARDS DE LA PRESSE NUMERIQUE DE COTE D\u2019IVOIRE : UN RENDEZ-VOUS POUR DEVELOPPER L\u2019ECOSYSTEME ECONOMIQUE DU SECTEUR - 7culture","robots":{"index":"index","follow":"follow","max-snippet":"max-snippet:-1","max-image-preview":"max-image-preview:large","max-video-preview":"max-video-preview:-1"},"canonical":"https:\/\/7culture.ci\/index.php\/2021\/06\/01\/salon-et-awards-de-la-presse-numerique-de-cote-divoire-un-rendez-vous-pour-developper-lecosysteme-economique-du-secteur\/","og_locale":"fr_FR","og_type":"article","og_title":"SALON ET AWARDS DE LA PRESSE NUMERIQUE DE COTE D\u2019IVOIRE : UN RENDEZ-VOUS POUR DEVELOPPER L\u2019ECOSYSTEME ECONOMIQUE DU SECTEUR - 7culture","og_description":"\u00ab&nbsp;L\u2019impact de la presse num\u00e9rique sur l\u2019environnement \u00e9cologique, \u00e9conomique et socio-politique en C\u00f4te d\u2019Ivoire&nbsp;\u00bb, tel est le th\u00e8me de la premi\u00e8re \u00e9dition du salon et Awards de la presse num\u00e9rique de C\u00f4te d\u2019Ivoire. L\u2019\u00e9v\u00e9nement se tient du 31 mai au 1er juin 2021 \u00e0 l\u2019immeuble de la caisse de retraite par r\u00e9partition avec \u00e9pargne de &hellip; SALON ET AWARDS DE LA PRESSE NUMERIQUE DE COTE D\u2019IVOIRE : UN RENDEZ-VOUS POUR DEVELOPPER L\u2019ECOSYSTEME ECONOMIQUE DU SECTEUR Lire la suite\u00a0\u00bb","og_url":"https:\/\/7culture.ci\/index.php\/2021\/06\/01\/salon-et-awards-de-la-presse-numerique-de-cote-divoire-un-rendez-vous-pour-developper-lecosysteme-economique-du-secteur\/","og_site_name":"7culture","article_publisher":"https:\/\/www.facebook.com\/redchefclaude","article_published_time":"2021-06-01T10:42:32+00:00","article_modified_time":"2022-01-12T22:42:21+00:00","og_image":[{"width":80,"height":80,"url":"http:\/\/7culture.ci\/wp-content\/uploads\/2021\/01\/child-care-template-reviewer-img-1.jpg","type":"image\/jpeg"}],"author":"Waly Tani","twitter_card":"summary_large_image","twitter_creator":"@7culturec","twitter_site":"@7culturec","twitter_misc":{"\u00c9crit par":"Waly Tani","Dur\u00e9e de lecture estim\u00e9e":"3 minutes"},"schema":{"@context":"https:\/\/schema.org","@graph":[{"@type":"Article","@id":"https:\/\/7culture.ci\/index.php\/2021\/06\/01\/salon-et-awards-de-la-presse-numerique-de-cote-divoire-un-rendez-vous-pour-developper-lecosysteme-economique-du-secteur\/#article","isPartOf":{"@id":"https:\/\/7culture.ci\/index.php\/2021\/06\/01\/salon-et-awards-de-la-presse-numerique-de-cote-divoire-un-rendez-vous-pour-developper-lecosysteme-economique-du-secteur\/"},"author":{"name":"Waly Tani","@id":"https:\/\/7culture.ci\/#\/schema\/person\/ac6600b76b439b1d2b8a3b734da1a17b"},"headline":"SALON ET AWARDS DE LA PRESSE NUMERIQUE DE COTE D\u2019IVOIRE : UN RENDEZ-VOUS POUR DEVELOPPER L\u2019ECOSYSTEME ECONOMIQUE DU SECTEUR","datePublished":"2021-06-01T10:42:32+00:00","dateModified":"2022-01-12T22:42:21+00:00","mainEntityOfPage":{"@id":"https:\/\/7culture.ci\/index.php\/2021\/06\/01\/salon-et-awards-de-la-presse-numerique-de-cote-divoire-un-rendez-vous-pour-developper-lecosysteme-economique-du-secteur\/"},"wordCount":579,"commentCount":0,"publisher":{"@id":"https:\/\/7culture.ci\/#organization"},"articleSection":["M\u00e9dia"],"inLanguage":"fr-FR","potentialAction":[{"@type":"CommentAction","name":"Comment","target":["https:\/\/7culture.ci\/index.php\/2021\/06\/01\/salon-et-awards-de-la-presse-numerique-de-cote-divoire-un-rendez-vous-pour-developper-lecosysteme-economique-du-secteur\/#respond"]}]},{"@type":"WebPage","@id":"https:\/\/7culture.ci\/index.php\/2021\/06\/01\/salon-et-awards-de-la-presse-numerique-de-cote-divoire-un-rendez-vous-pour-developper-lecosysteme-economique-du-secteur\/","url":"https:\/\/7culture.ci\/index.php\/2021\/06\/01\/salon-et-awards-de-la-presse-numerique-de-cote-divoire-un-rendez-vous-pour-developper-lecosysteme-economique-du-secteur\/","name":"SALON ET AWARDS DE LA PRESSE NUMERIQUE DE COTE D\u2019IVOIRE : UN RENDEZ-VOUS POUR DEVELOPPER L\u2019ECOSYSTEME ECONOMIQUE DU SECTEUR - 7culture","isPartOf":{"@id":"https:\/\/7culture.ci\/#website"},"datePublished":"2021-06-01T10:42:32+00:00","dateModified":"2022-01-12T22:42:21+00:00","breadcrumb":{"@id":"https:\/\/7culture.ci\/index.php\/2021\/06\/01\/salon-et-awards-de-la-presse-numerique-de-cote-divoire-un-rendez-vous-pour-developper-lecosysteme-economique-du-secteur\/#breadcrumb"},"inLanguage":"fr-FR","potentialAction":[{"@type":"ReadAction","target":["https:\/\/7culture.ci\/index.php\/2021\/06\/01\/salon-et-awards-de-la-presse-numerique-de-cote-divoire-un-rendez-vous-pour-developper-lecosysteme-economique-du-secteur\/"]}]},{"@type":"BreadcrumbList","@id":"https:\/\/7culture.ci\/index.php\/2021\/06\/01\/salon-et-awards-de-la-presse-numerique-de-cote-divoire-un-rendez-vous-pour-developper-lecosysteme-economique-du-secteur\/#breadcrumb","itemListElement":[{"@type":"ListItem","position":1,"name":"Accueil","item":"https:\/\/7culture.ci\/"},{"@type":"ListItem","position":2,"name":"SALON ET AWARDS DE LA PRESSE NUMERIQUE DE COTE D\u2019IVOIRE : UN RENDEZ-VOUS POUR DEVELOPPER L\u2019ECOSYSTEME ECONOMIQUE DU SECTEUR"}]},{"@type":"WebSite","@id":"https:\/\/7culture.ci\/#website","url":"https:\/\/7culture.ci\/","name":"7culture","description":"Tout sur l&#039;actualit\u00e9","publisher":{"@id":"https:\/\/7culture.ci\/#organization"},"potentialAction":[{"@type":"SearchAction","target":{"@type":"EntryPoint","urlTemplate":"https:\/\/7culture.ci\/?s={search_term_string}"},"query-input":"required name=search_term_string"}],"inLanguage":"fr-FR"},{"@type":"Organization","@id":"https:\/\/7culture.ci\/#organization","name":"7culture","url":"https:\/\/7culture.ci\/","sameAs":["https:\/\/www.facebook.com\/redchefclaude","https:\/\/twitter.com\/7culturec"],"logo":{"@type":"ImageObject","inLanguage":"fr-FR","@id":"https:\/\/7culture.ci\/#\/schema\/logo\/image\/","url":"https:\/\/7culture.ci\/wp-content\/uploads\/2021\/12\/S1a-1.png","contentUrl":"https:\/\/7culture.ci\/wp-content\/uploads\/2021\/12\/S1a-1.png","width":588,"height":192,"caption":"7culture"},"image":{"@id":"https:\/\/7culture.ci\/#\/schema\/logo\/image\/"}},{"@type":"Person","@id":"https:\/\/7culture.ci\/#\/schema\/person\/ac6600b76b439b1d2b8a3b734da1a17b","name":"Waly Tani","image":{"@type":"ImageObject","inLanguage":"fr-FR","@id":"https:\/\/7culture.ci\/#\/schema\/person\/image\/","url":"https:\/\/secure.gravatar.com\/avatar\/f4ffa85bd7cfe6e4376efc1fd606cdb7?s=96&d=mm&r=g","contentUrl":"https:\/\/secure.gravatar.com\/avatar\/f4ffa85bd7cfe6e4376efc1fd606cdb7?s=96&d=mm&r=g","caption":"Waly Tani"},"url":"https:\/\/7culture.ci\/index.php\/author\/waly-tani\/"}]}},"jetpack_featured_media_url":"https:\/\/7culture.ci\/wp-content\/uploads\/2021\/01\/child-care-template-reviewer-img-1.jpg","jetpack_likes_enabled":true,"jetpack_sharing_enabled":true,"_links":{"self":[{"href":"https:\/\/7culture.ci\/index.php\/wp-json\/wp\/v2\/posts\/11325"}],"collection":[{"href":"https:\/\/7culture.ci\/index.php\/wp-json\/wp\/v2\/posts"}],"about":[{"href":"https:\/\/7culture.ci\/index.php\/wp-json\/wp\/v2\/types\/post"}],"author":[{"embeddable":true,"href":"https:\/\/7culture.ci\/index.php\/wp-json\/wp\/v2\/users\/4"}],"replies":[{"embeddable":true,"href":"https:\/\/7culture.ci\/index.php\/wp-json\/wp\/v2\/comments?post=11325"}],"version-history":[{"count":0,"href":"https:\/\/7culture.ci\/index.php\/wp-json\/wp\/v2\/posts\/11325\/revisions"}],"wp:featuredmedia":[{"embeddable":true,"href":"https:\/\/7culture.ci\/index.php\/wp-json\/wp\/v2\/media\/275"}],"wp:attachment":[{"href":"https:\/\/7culture.ci\/index.php\/wp-json\/wp\/v2\/media?parent=11325"}],"wp:term":[{"taxonomy":"category","embeddable":true,"href":"https:\/\/7culture.ci\/index.php\/wp-json\/wp\/v2\/categories?post=11325"},{"taxonomy":"post_tag","embeddable":true,"href":"https:\/\/7culture.ci\/index.php\/wp-json\/wp\/v2\/tags?post=11325"}],"curies":[{"name":"wp","href":"https:\/\/api.w.org\/{rel}","templated":true}]}}