{"id":11108,"date":"2021-05-27T18:07:11","date_gmt":"2021-05-27T18:07:11","guid":{"rendered":"https:\/\/7culture.ci\/index.php\/2021\/05\/27\/developpement-culturel-en-cote-divoire-une-strategie-nationale-bientot-elaboree\/"},"modified":"2021-05-27T18:07:11","modified_gmt":"2021-05-27T18:07:11","slug":"developpement-culturel-en-cote-divoire-une-strategie-nationale-bientot-elaboree","status":"publish","type":"post","link":"https:\/\/7culture.ci\/index.php\/2021\/05\/27\/developpement-culturel-en-cote-divoire-une-strategie-nationale-bientot-elaboree\/","title":{"rendered":"D\u00c9VELOPPEMENT CULTUREL EN C\u00d4TE D\u2019IVOIRE : UNE STRAT\u00c9GIE NATIONALE BIENT\u00d4T \u00c9LABOR\u00c9E"},"content":{"rendered":"\n<p>Un atelier de pr\u00e9paration de la c\u00e9r\u00e9monie de lancement de la strat\u00e9gie nationale de d\u00e9veloppement culturel (SNDC) 2021-2025 s\u2019est tenue cette semaine, sous la pr\u00e9sidence de Mme Harlette Badou N\u2019Guessan Kouam\u00e9, ministre de la Culture et de l\u2019Industrie des Arts et du Spectacle, repr\u00e9sent\u00e9e par son conseiller technique, M. Marie-Paul Kossonou. Le minist\u00e8re de la Culture s\u2019inscrit d\u00e9sormais dans une initiative participative au d\u00e9veloppement \u00e9conomique, qui consistera \u00e0 :<\/p>\n\n\n\n<p>Examiner toutes les dimensions pertinentes du secteur de la Culture et de la Coop\u00e9ration Culturelle Internationale pour en d\u00e9celer les forces et les faiblesses,<\/p>\n\n\n\n<p>Choisir des options strat\u00e9giques de d\u00e9veloppement en termes d\u2019orientation, de cible, d\u2019actions \u00e0 mener, de fili\u00e8res culturelles et d\u2019actions de coop\u00e9ration \u00e0 investir.<\/p>\n\n\n\n<p>Le conseiller technique a, au nom de Mme la ministre, f\u00e9licit\u00e9 et encourag\u00e9 le service de la planification, des statistiques et de l\u2019\u00e9conomie culturelle, cellule coordonnatrice dudit projet \u00e0 \u0153uvrer efficacement pour des propositions concr\u00e8tes pour l\u2019\u00e9laboration de la SNDC.<\/p>\n\n\n\n<p><strong>Adams T<\/strong> avec <strong>SERCOM-MCIAS<\/strong><\/p>\n\n\n\n<p><\/p>\n","protected":false},"excerpt":{"rendered":"<p>Un atelier de pr\u00e9paration de la c\u00e9r\u00e9monie de lancement de la strat\u00e9gie nationale de d\u00e9veloppement culturel (SNDC) 2021-2025 s\u2019est tenue cette semaine, sous la pr\u00e9sidence de Mme Harlette Badou N\u2019Guessan Kouam\u00e9, ministre de la Culture et de l\u2019Industrie des Arts et du Spectacle, repr\u00e9sent\u00e9e par son conseiller technique, M. Marie-Paul Kossonou. Le minist\u00e8re de la &hellip;<\/p>\n<p class=\"read-more\"> <a class=\"\" href=\"https:\/\/7culture.ci\/index.php\/2021\/05\/27\/developpement-culturel-en-cote-divoire-une-strategie-nationale-bientot-elaboree\/\"> <span class=\"screen-reader-text\">D\u00c9VELOPPEMENT CULTUREL EN C\u00d4TE D\u2019IVOIRE : UNE STRAT\u00c9GIE NATIONALE BIENT\u00d4T \u00c9LABOR\u00c9E<\/span> Lire la suite\u00a0\u00bb<\/a><\/p>\n","protected":false},"author":4,"featured_media":11091,"comment_status":"open","ping_status":"closed","sticky":false,"template":"","format":"standard","meta":{"_mi_skip_tracking":false,"_monsterinsights_sitenote_active":false,"_monsterinsights_sitenote_note":"","_monsterinsights_sitenote_category":0,"site-sidebar-layout":"default","site-content-layout":"default","ast-global-header-display":"","ast-main-header-display":"","ast-hfb-above-header-display":"","ast-hfb-below-header-display":"","ast-hfb-mobile-header-display":"","site-post-title":"","ast-breadcrumbs-content":"","ast-featured-img":"","footer-sml-layout":"","theme-transparent-header-meta":"","adv-header-id-meta":"","stick-header-meta":"","header-above-stick-meta":"","header-main-stick-meta":"","header-below-stick-meta":"","footnotes":"","jetpack_publicize_message":"","jetpack_is_tweetstorm":false,"jetpack_publicize_feature_enabled":true},"categories":[22],"tags":[],"jetpack_publicize_connections":[],"acf":[],"aioseo_notices":[],"yoast_head":"<!-- This site is optimized with the Yoast SEO plugin v19.6.1 - https:\/\/yoast.com\/wordpress\/plugins\/seo\/ -->\n<title>D\u00c9VELOPPEMENT CULTUREL EN C\u00d4TE D\u2019IVOIRE : UNE STRAT\u00c9GIE NATIONALE BIENT\u00d4T \u00c9LABOR\u00c9E - 7culture<\/title>\n<meta name=\"robots\" content=\"index, follow, max-snippet:-1, max-image-preview:large, max-video-preview:-1\" \/>\n<link rel=\"canonical\" href=\"https:\/\/7culture.ci\/index.php\/2021\/05\/27\/developpement-culturel-en-cote-divoire-une-strategie-nationale-bientot-elaboree\/\" \/>\n<meta property=\"og:locale\" content=\"fr_FR\" \/>\n<meta property=\"og:type\" content=\"article\" \/>\n<meta property=\"og:title\" content=\"D\u00c9VELOPPEMENT CULTUREL EN C\u00d4TE D\u2019IVOIRE : UNE STRAT\u00c9GIE NATIONALE BIENT\u00d4T \u00c9LABOR\u00c9E - 7culture\" \/>\n<meta property=\"og:description\" content=\"Un atelier de pr\u00e9paration de la c\u00e9r\u00e9monie de lancement de la strat\u00e9gie nationale de d\u00e9veloppement culturel (SNDC) 2021-2025 s\u2019est tenue cette semaine, sous la pr\u00e9sidence de Mme Harlette Badou N\u2019Guessan Kouam\u00e9, ministre de la Culture et de l\u2019Industrie des Arts et du Spectacle, repr\u00e9sent\u00e9e par son conseiller technique, M. Marie-Paul Kossonou. Le minist\u00e8re de la &hellip; D\u00c9VELOPPEMENT CULTUREL EN C\u00d4TE D\u2019IVOIRE : UNE STRAT\u00c9GIE NATIONALE BIENT\u00d4T \u00c9LABOR\u00c9E Lire la suite\u00a0\u00bb\" \/>\n<meta property=\"og:url\" content=\"https:\/\/7culture.ci\/index.php\/2021\/05\/27\/developpement-culturel-en-cote-divoire-une-strategie-nationale-bientot-elaboree\/\" \/>\n<meta property=\"og:site_name\" content=\"7culture\" \/>\n<meta property=\"article:publisher\" content=\"https:\/\/www.facebook.com\/redchefclaude\" \/>\n<meta property=\"article:published_time\" content=\"2021-05-27T18:07:11+00:00\" \/>\n<meta name=\"author\" content=\"Waly Tani\" \/>\n<meta name=\"twitter:card\" content=\"summary_large_image\" \/>\n<meta name=\"twitter:creator\" content=\"@7culturec\" \/>\n<meta name=\"twitter:site\" content=\"@7culturec\" \/>\n<meta name=\"twitter:label1\" content=\"\u00c9crit par\" \/>\n\t<meta name=\"twitter:data1\" content=\"Waly Tani\" \/>\n\t<meta name=\"twitter:label2\" content=\"Dur\u00e9e de lecture estim\u00e9e\" \/>\n\t<meta name=\"twitter:data2\" content=\"1 minute\" \/>\n<script type=\"application\/ld+json\" class=\"yoast-schema-graph\">{\"@context\":\"https:\/\/schema.org\",\"@graph\":[{\"@type\":\"Article\",\"@id\":\"https:\/\/7culture.ci\/index.php\/2021\/05\/27\/developpement-culturel-en-cote-divoire-une-strategie-nationale-bientot-elaboree\/#article\",\"isPartOf\":{\"@id\":\"https:\/\/7culture.ci\/index.php\/2021\/05\/27\/developpement-culturel-en-cote-divoire-une-strategie-nationale-bientot-elaboree\/\"},\"author\":{\"name\":\"Waly Tani\",\"@id\":\"https:\/\/7culture.ci\/#\/schema\/person\/ac6600b76b439b1d2b8a3b734da1a17b\"},\"headline\":\"D\u00c9VELOPPEMENT CULTUREL EN C\u00d4TE D\u2019IVOIRE : UNE STRAT\u00c9GIE NATIONALE BIENT\u00d4T \u00c9LABOR\u00c9E\",\"datePublished\":\"2021-05-27T18:07:11+00:00\",\"dateModified\":\"2021-05-27T18:07:11+00:00\",\"mainEntityOfPage\":{\"@id\":\"https:\/\/7culture.ci\/index.php\/2021\/05\/27\/developpement-culturel-en-cote-divoire-une-strategie-nationale-bientot-elaboree\/\"},\"wordCount\":199,\"commentCount\":0,\"publisher\":{\"@id\":\"https:\/\/7culture.ci\/#organization\"},\"articleSection\":[\"Actualit\u00e9\"],\"inLanguage\":\"fr-FR\",\"potentialAction\":[{\"@type\":\"CommentAction\",\"name\":\"Comment\",\"target\":[\"https:\/\/7culture.ci\/index.php\/2021\/05\/27\/developpement-culturel-en-cote-divoire-une-strategie-nationale-bientot-elaboree\/#respond\"]}]},{\"@type\":\"WebPage\",\"@id\":\"https:\/\/7culture.ci\/index.php\/2021\/05\/27\/developpement-culturel-en-cote-divoire-une-strategie-nationale-bientot-elaboree\/\",\"url\":\"https:\/\/7culture.ci\/index.php\/2021\/05\/27\/developpement-culturel-en-cote-divoire-une-strategie-nationale-bientot-elaboree\/\",\"name\":\"D\u00c9VELOPPEMENT CULTUREL EN C\u00d4TE D\u2019IVOIRE : UNE STRAT\u00c9GIE NATIONALE BIENT\u00d4T \u00c9LABOR\u00c9E - 7culture\",\"isPartOf\":{\"@id\":\"https:\/\/7culture.ci\/#website\"},\"datePublished\":\"2021-05-27T18:07:11+00:00\",\"dateModified\":\"2021-05-27T18:07:11+00:00\",\"breadcrumb\":{\"@id\":\"https:\/\/7culture.ci\/index.php\/2021\/05\/27\/developpement-culturel-en-cote-divoire-une-strategie-nationale-bientot-elaboree\/#breadcrumb\"},\"inLanguage\":\"fr-FR\",\"potentialAction\":[{\"@type\":\"ReadAction\",\"target\":[\"https:\/\/7culture.ci\/index.php\/2021\/05\/27\/developpement-culturel-en-cote-divoire-une-strategie-nationale-bientot-elaboree\/\"]}]},{\"@type\":\"BreadcrumbList\",\"@id\":\"https:\/\/7culture.ci\/index.php\/2021\/05\/27\/developpement-culturel-en-cote-divoire-une-strategie-nationale-bientot-elaboree\/#breadcrumb\",\"itemListElement\":[{\"@type\":\"ListItem\",\"position\":1,\"name\":\"Accueil\",\"item\":\"https:\/\/7culture.ci\/\"},{\"@type\":\"ListItem\",\"position\":2,\"name\":\"D\u00c9VELOPPEMENT CULTUREL EN C\u00d4TE D\u2019IVOIRE : UNE STRAT\u00c9GIE NATIONALE BIENT\u00d4T \u00c9LABOR\u00c9E\"}]},{\"@type\":\"WebSite\",\"@id\":\"https:\/\/7culture.ci\/#website\",\"url\":\"https:\/\/7culture.ci\/\",\"name\":\"7culture\",\"description\":\"Tout sur l&#039;actualit\u00e9\",\"publisher\":{\"@id\":\"https:\/\/7culture.ci\/#organization\"},\"potentialAction\":[{\"@type\":\"SearchAction\",\"target\":{\"@type\":\"EntryPoint\",\"urlTemplate\":\"https:\/\/7culture.ci\/?s={search_term_string}\"},\"query-input\":\"required name=search_term_string\"}],\"inLanguage\":\"fr-FR\"},{\"@type\":\"Organization\",\"@id\":\"https:\/\/7culture.ci\/#organization\",\"name\":\"7culture\",\"url\":\"https:\/\/7culture.ci\/\",\"sameAs\":[\"https:\/\/www.facebook.com\/redchefclaude\",\"https:\/\/twitter.com\/7culturec\"],\"logo\":{\"@type\":\"ImageObject\",\"inLanguage\":\"fr-FR\",\"@id\":\"https:\/\/7culture.ci\/#\/schema\/logo\/image\/\",\"url\":\"https:\/\/7culture.ci\/wp-content\/uploads\/2021\/12\/S1a-1.png\",\"contentUrl\":\"https:\/\/7culture.ci\/wp-content\/uploads\/2021\/12\/S1a-1.png\",\"width\":588,\"height\":192,\"caption\":\"7culture\"},\"image\":{\"@id\":\"https:\/\/7culture.ci\/#\/schema\/logo\/image\/\"}},{\"@type\":\"Person\",\"@id\":\"https:\/\/7culture.ci\/#\/schema\/person\/ac6600b76b439b1d2b8a3b734da1a17b\",\"name\":\"Waly Tani\",\"image\":{\"@type\":\"ImageObject\",\"inLanguage\":\"fr-FR\",\"@id\":\"https:\/\/7culture.ci\/#\/schema\/person\/image\/\",\"url\":\"https:\/\/secure.gravatar.com\/avatar\/f4ffa85bd7cfe6e4376efc1fd606cdb7?s=96&d=mm&r=g\",\"contentUrl\":\"https:\/\/secure.gravatar.com\/avatar\/f4ffa85bd7cfe6e4376efc1fd606cdb7?s=96&d=mm&r=g\",\"caption\":\"Waly Tani\"},\"url\":\"https:\/\/7culture.ci\/index.php\/author\/waly-tani\/\"}]}<\/script>\n<!-- \/ Yoast SEO plugin. -->","yoast_head_json":{"title":"D\u00c9VELOPPEMENT CULTUREL EN C\u00d4TE D\u2019IVOIRE : UNE STRAT\u00c9GIE NATIONALE BIENT\u00d4T \u00c9LABOR\u00c9E - 7culture","robots":{"index":"index","follow":"follow","max-snippet":"max-snippet:-1","max-image-preview":"max-image-preview:large","max-video-preview":"max-video-preview:-1"},"canonical":"https:\/\/7culture.ci\/index.php\/2021\/05\/27\/developpement-culturel-en-cote-divoire-une-strategie-nationale-bientot-elaboree\/","og_locale":"fr_FR","og_type":"article","og_title":"D\u00c9VELOPPEMENT CULTUREL EN C\u00d4TE D\u2019IVOIRE : UNE STRAT\u00c9GIE NATIONALE BIENT\u00d4T \u00c9LABOR\u00c9E - 7culture","og_description":"Un atelier de pr\u00e9paration de la c\u00e9r\u00e9monie de lancement de la strat\u00e9gie nationale de d\u00e9veloppement culturel (SNDC) 2021-2025 s\u2019est tenue cette semaine, sous la pr\u00e9sidence de Mme Harlette Badou N\u2019Guessan Kouam\u00e9, ministre de la Culture et de l\u2019Industrie des Arts et du Spectacle, repr\u00e9sent\u00e9e par son conseiller technique, M. Marie-Paul Kossonou. Le minist\u00e8re de la &hellip; D\u00c9VELOPPEMENT CULTUREL EN C\u00d4TE D\u2019IVOIRE : UNE STRAT\u00c9GIE NATIONALE BIENT\u00d4T \u00c9LABOR\u00c9E Lire la suite\u00a0\u00bb","og_url":"https:\/\/7culture.ci\/index.php\/2021\/05\/27\/developpement-culturel-en-cote-divoire-une-strategie-nationale-bientot-elaboree\/","og_site_name":"7culture","article_publisher":"https:\/\/www.facebook.com\/redchefclaude","article_published_time":"2021-05-27T18:07:11+00:00","author":"Waly Tani","twitter_card":"summary_large_image","twitter_creator":"@7culturec","twitter_site":"@7culturec","twitter_misc":{"\u00c9crit par":"Waly Tani","Dur\u00e9e de lecture estim\u00e9e":"1 minute"},"schema":{"@context":"https:\/\/schema.org","@graph":[{"@type":"Article","@id":"https:\/\/7culture.ci\/index.php\/2021\/05\/27\/developpement-culturel-en-cote-divoire-une-strategie-nationale-bientot-elaboree\/#article","isPartOf":{"@id":"https:\/\/7culture.ci\/index.php\/2021\/05\/27\/developpement-culturel-en-cote-divoire-une-strategie-nationale-bientot-elaboree\/"},"author":{"name":"Waly Tani","@id":"https:\/\/7culture.ci\/#\/schema\/person\/ac6600b76b439b1d2b8a3b734da1a17b"},"headline":"D\u00c9VELOPPEMENT CULTUREL EN C\u00d4TE D\u2019IVOIRE : UNE STRAT\u00c9GIE NATIONALE BIENT\u00d4T \u00c9LABOR\u00c9E","datePublished":"2021-05-27T18:07:11+00:00","dateModified":"2021-05-27T18:07:11+00:00","mainEntityOfPage":{"@id":"https:\/\/7culture.ci\/index.php\/2021\/05\/27\/developpement-culturel-en-cote-divoire-une-strategie-nationale-bientot-elaboree\/"},"wordCount":199,"commentCount":0,"publisher":{"@id":"https:\/\/7culture.ci\/#organization"},"articleSection":["Actualit\u00e9"],"inLanguage":"fr-FR","potentialAction":[{"@type":"CommentAction","name":"Comment","target":["https:\/\/7culture.ci\/index.php\/2021\/05\/27\/developpement-culturel-en-cote-divoire-une-strategie-nationale-bientot-elaboree\/#respond"]}]},{"@type":"WebPage","@id":"https:\/\/7culture.ci\/index.php\/2021\/05\/27\/developpement-culturel-en-cote-divoire-une-strategie-nationale-bientot-elaboree\/","url":"https:\/\/7culture.ci\/index.php\/2021\/05\/27\/developpement-culturel-en-cote-divoire-une-strategie-nationale-bientot-elaboree\/","name":"D\u00c9VELOPPEMENT CULTUREL EN C\u00d4TE D\u2019IVOIRE : UNE STRAT\u00c9GIE NATIONALE BIENT\u00d4T \u00c9LABOR\u00c9E - 7culture","isPartOf":{"@id":"https:\/\/7culture.ci\/#website"},"datePublished":"2021-05-27T18:07:11+00:00","dateModified":"2021-05-27T18:07:11+00:00","breadcrumb":{"@id":"https:\/\/7culture.ci\/index.php\/2021\/05\/27\/developpement-culturel-en-cote-divoire-une-strategie-nationale-bientot-elaboree\/#breadcrumb"},"inLanguage":"fr-FR","potentialAction":[{"@type":"ReadAction","target":["https:\/\/7culture.ci\/index.php\/2021\/05\/27\/developpement-culturel-en-cote-divoire-une-strategie-nationale-bientot-elaboree\/"]}]},{"@type":"BreadcrumbList","@id":"https:\/\/7culture.ci\/index.php\/2021\/05\/27\/developpement-culturel-en-cote-divoire-une-strategie-nationale-bientot-elaboree\/#breadcrumb","itemListElement":[{"@type":"ListItem","position":1,"name":"Accueil","item":"https:\/\/7culture.ci\/"},{"@type":"ListItem","position":2,"name":"D\u00c9VELOPPEMENT CULTUREL EN C\u00d4TE D\u2019IVOIRE : UNE STRAT\u00c9GIE NATIONALE BIENT\u00d4T \u00c9LABOR\u00c9E"}]},{"@type":"WebSite","@id":"https:\/\/7culture.ci\/#website","url":"https:\/\/7culture.ci\/","name":"7culture","description":"Tout sur l&#039;actualit\u00e9","publisher":{"@id":"https:\/\/7culture.ci\/#organization"},"potentialAction":[{"@type":"SearchAction","target":{"@type":"EntryPoint","urlTemplate":"https:\/\/7culture.ci\/?s={search_term_string}"},"query-input":"required name=search_term_string"}],"inLanguage":"fr-FR"},{"@type":"Organization","@id":"https:\/\/7culture.ci\/#organization","name":"7culture","url":"https:\/\/7culture.ci\/","sameAs":["https:\/\/www.facebook.com\/redchefclaude","https:\/\/twitter.com\/7culturec"],"logo":{"@type":"ImageObject","inLanguage":"fr-FR","@id":"https:\/\/7culture.ci\/#\/schema\/logo\/image\/","url":"https:\/\/7culture.ci\/wp-content\/uploads\/2021\/12\/S1a-1.png","contentUrl":"https:\/\/7culture.ci\/wp-content\/uploads\/2021\/12\/S1a-1.png","width":588,"height":192,"caption":"7culture"},"image":{"@id":"https:\/\/7culture.ci\/#\/schema\/logo\/image\/"}},{"@type":"Person","@id":"https:\/\/7culture.ci\/#\/schema\/person\/ac6600b76b439b1d2b8a3b734da1a17b","name":"Waly Tani","image":{"@type":"ImageObject","inLanguage":"fr-FR","@id":"https:\/\/7culture.ci\/#\/schema\/person\/image\/","url":"https:\/\/secure.gravatar.com\/avatar\/f4ffa85bd7cfe6e4376efc1fd606cdb7?s=96&d=mm&r=g","contentUrl":"https:\/\/secure.gravatar.com\/avatar\/f4ffa85bd7cfe6e4376efc1fd606cdb7?s=96&d=mm&r=g","caption":"Waly Tani"},"url":"https:\/\/7culture.ci\/index.php\/author\/waly-tani\/"}]}},"jetpack_featured_media_url":"","jetpack_likes_enabled":true,"jetpack_sharing_enabled":true,"_links":{"self":[{"href":"https:\/\/7culture.ci\/index.php\/wp-json\/wp\/v2\/posts\/11108"}],"collection":[{"href":"https:\/\/7culture.ci\/index.php\/wp-json\/wp\/v2\/posts"}],"about":[{"href":"https:\/\/7culture.ci\/index.php\/wp-json\/wp\/v2\/types\/post"}],"author":[{"embeddable":true,"href":"https:\/\/7culture.ci\/index.php\/wp-json\/wp\/v2\/users\/4"}],"replies":[{"embeddable":true,"href":"https:\/\/7culture.ci\/index.php\/wp-json\/wp\/v2\/comments?post=11108"}],"version-history":[{"count":0,"href":"https:\/\/7culture.ci\/index.php\/wp-json\/wp\/v2\/posts\/11108\/revisions"}],"wp:featuredmedia":[{"embeddable":true,"href":"https:\/\/7culture.ci\/index.php\/wp-json\/"}],"wp:attachment":[{"href":"https:\/\/7culture.ci\/index.php\/wp-json\/wp\/v2\/media?parent=11108"}],"wp:term":[{"taxonomy":"category","embeddable":true,"href":"https:\/\/7culture.ci\/index.php\/wp-json\/wp\/v2\/categories?post=11108"},{"taxonomy":"post_tag","embeddable":true,"href":"https:\/\/7culture.ci\/index.php\/wp-json\/wp\/v2\/tags?post=11108"}],"curies":[{"name":"wp","href":"https:\/\/api.w.org\/{rel}","templated":true}]}}