{"id":11072,"date":"2021-05-26T14:51:18","date_gmt":"2021-05-26T14:51:18","guid":{"rendered":"https:\/\/7culture.ci\/index.php\/2021\/05\/26\/musique-kiffez-lhymne-a-la-joie-des-2-arts\/"},"modified":"2021-05-26T14:51:18","modified_gmt":"2021-05-26T14:51:18","slug":"musique-kiffez-lhymne-a-la-joie-des-2-arts","status":"publish","type":"post","link":"https:\/\/7culture.ci\/index.php\/2021\/05\/26\/musique-kiffez-lhymne-a-la-joie-des-2-arts\/","title":{"rendered":"MUSIQUE : \u2018\u2019KIFFEZ\u2019\u2019, L\u2019HYMNE \u00c0 LA JOIE DES 2 ART\u2019S!"},"content":{"rendered":"\n<p>\u2018\u2019Kiffez\u2019\u2019, c\u2019est le titre du nouveau single du groupe ivoirien de rap 2 Art\u2019s. Constitu\u00e9 du duo Haaris et Oben, le groupe 2 Arts\u2019s, qui signifie&nbsp;2 artistes, se revendique d\u2019un rap intelligent, avec des textes bien \u00e9crits, sens\u00e9s et des messages forts.<\/p>\n\n\n\n<p>Dans ce single, le duo a opt\u00e9 pour un rythme tr\u00e8s dansant.&nbsp;\u00ab&nbsp;<strong><em>C\u2019est un appel \u00e0 la joie de vivre, aux r\u00e9jouissances et \u00e0 la f\u00eate, d\u2019o\u00f9 le titre Kiffez<\/em><\/strong>&nbsp;\u00bb, expliquent les jeunes artistes de 20 et 19 ans. Chant\u00e9e en fran\u00e7ais et en&nbsp; nouchi, la galette musicale a \u00e9t\u00e9 arrang\u00e9e par Roch Arthur. Un technicien qui a d\u00e9j\u00e0 fait la preuve de son efficacit\u00e9 avec Suspect 95, Vitale et K\u00e9djevara. Produite par Autorit\u00e9 Bedes, l\u2019\u0153uvre est \u00e0 d\u00e9couvrir sur YouTube. Le clip qui accompagne \u2018\u2019Kiffez\u2019\u2019 a&nbsp; \u00e9t\u00e9 r\u00e9alis\u00e9 cette semaine. Il sera bient\u00f4t disponible. \u00ab&nbsp;<strong><em>Ce single est un avant-go\u00fbt de tout ce que nous savons faire de bon, et que nous ferons d\u00e9couvrir aux m\u00e9lomanes ivoiriens au fur et \u00e0 mesure&nbsp;<\/em><\/strong>\u00bb, indiquent les deux copains du quartier de la Riviera Abatta, dans la commune de Cocody \u00e0 Abidjan.<\/p>\n\n\n\n<figure class=\\\"wp-block-image size-large is-resized\\\"><img src=\\\"http:\/\/7culture.ci\/fbf\/uploads\/2020\/07\/153775704_105660481576910_9171380907160095199_n.jpg\\\" alt=\\\"\\\" class=\\\"wp-image-11075\\\" width=\\\"431\\\" height=\\\"646\\\"\/><\/figure>\n\n\n\n<p>Haaris et Oben viennent d\u2019achever la r\u00e9alisation d\u2019un maxi single de 4 titres, aux colorations rap, afrobeat et dance hall.&nbsp;\u00ab<strong><em>Pour le moment,&nbsp;nous laissons le single \u2018\u2019Kiffez\u2019\u2019 faire son bout de chemin, ensuite nous esp\u00e9rons conqu\u00e9rir les c\u0153urs des m\u00e9lomanes ivoiriens et africains avec cet opus plus complet<\/em><\/strong>&nbsp;\u00bb projette le groupe. Car, <strong>\u00ab&nbsp;<em>Notre ambition, c\u2019est d\u2019\u00eatre les num\u00e9ros UN. Le groupe Kiff No Beat est notre r\u00e9f\u00e9rence, nous voulons atteindre leur niveau et m\u00eame les surpasser<\/em>&nbsp;<\/strong>\u00bb, esp\u00e8rent les 2 Art\u2019s.<\/p>\n\n\n\n<div class=\\\"wp-block-image\\\"><figure class=\\\"aligncenter size-large is-resized\\\"><img src=\\\"http:\/\/7culture.ci\/fbf\/uploads\/2020\/07\/160933306_117121327097492_1925111166156395029_n.jpg\\\" alt=\\\"\\\" class=\\\"wp-image-11076\\\" width=\\\"567\\\" height=\\\"567\\\"\/><\/figure><\/div>\n\n\n\n<p>Pour ce faire, leur \u00e9quipe manag\u00e9riale annonce occuper les plateformes musicales digitales, afin de mettre l\u2019accent sur le streaming. Le groupe sera \u00e9galement pr\u00e9sent sur les plateaux des \u00e9missions musicales t\u00e9l\u00e9 et radio.&nbsp;\u00ab&nbsp;<strong><em>Avec nous, les m\u00e9lomanes vont&nbsp; d\u00e9couvrir une fa\u00e7on tr\u00e8s originale de faire le rap ivoire. Nous appelons le public \u00e0 d\u00e9couvrir notre \u0153uvre sur les r\u00e9seaux sociaux et les plateformes de streaming<\/em><\/strong>&nbsp;\u00bb, invitent les 2 Art\u2019s.<\/p>\n\n\n\n[embedyt] https:\/\/www.youtube.com\/watch?v=QRMC_73A4oM[\/embedyt]\n\n\n\n<p><strong>Adams T<\/strong><\/p>\n","protected":false},"excerpt":{"rendered":"<p>\u2018\u2019Kiffez\u2019\u2019, c\u2019est le titre du nouveau single du groupe ivoirien de rap 2 Art\u2019s. Constitu\u00e9 du duo Haaris et Oben, le groupe 2 Arts\u2019s, qui signifie&nbsp;2 artistes, se revendique d\u2019un rap intelligent, avec des textes bien \u00e9crits, sens\u00e9s et des messages forts. Dans ce single, le duo a opt\u00e9 pour un rythme tr\u00e8s dansant.&nbsp;\u00ab&nbsp;C\u2019est un &hellip;<\/p>\n<p class=\"read-more\"> <a class=\"\" href=\"https:\/\/7culture.ci\/index.php\/2021\/05\/26\/musique-kiffez-lhymne-a-la-joie-des-2-arts\/\"> <span class=\"screen-reader-text\">MUSIQUE : \u2018\u2019KIFFEZ\u2019\u2019, L\u2019HYMNE \u00c0 LA JOIE DES 2 ART\u2019S!<\/span> Lire la suite\u00a0\u00bb<\/a><\/p>\n","protected":false},"author":4,"featured_media":11071,"comment_status":"open","ping_status":"closed","sticky":false,"template":"","format":"standard","meta":{"_mi_skip_tracking":false,"_monsterinsights_sitenote_active":false,"_monsterinsights_sitenote_note":"","_monsterinsights_sitenote_category":0,"site-sidebar-layout":"default","site-content-layout":"default","ast-global-header-display":"","ast-main-header-display":"","ast-hfb-above-header-display":"","ast-hfb-below-header-display":"","ast-hfb-mobile-header-display":"","site-post-title":"","ast-breadcrumbs-content":"","ast-featured-img":"","footer-sml-layout":"","theme-transparent-header-meta":"","adv-header-id-meta":"","stick-header-meta":"","header-above-stick-meta":"","header-main-stick-meta":"","header-below-stick-meta":"","footnotes":"","jetpack_publicize_message":"","jetpack_is_tweetstorm":false,"jetpack_publicize_feature_enabled":true},"categories":[16],"tags":[],"jetpack_publicize_connections":[],"acf":[],"aioseo_notices":[],"yoast_head":"<!-- This site is optimized with the Yoast SEO plugin v19.6.1 - https:\/\/yoast.com\/wordpress\/plugins\/seo\/ -->\n<title>MUSIQUE : \u2018\u2019KIFFEZ\u2019\u2019, L\u2019HYMNE \u00c0 LA JOIE DES 2 ART\u2019S! - 7culture<\/title>\n<meta name=\"robots\" content=\"index, follow, max-snippet:-1, max-image-preview:large, max-video-preview:-1\" \/>\n<link rel=\"canonical\" href=\"https:\/\/7culture.ci\/index.php\/2021\/05\/26\/musique-kiffez-lhymne-a-la-joie-des-2-arts\/\" \/>\n<meta property=\"og:locale\" content=\"fr_FR\" \/>\n<meta property=\"og:type\" content=\"article\" \/>\n<meta property=\"og:title\" content=\"MUSIQUE : \u2018\u2019KIFFEZ\u2019\u2019, L\u2019HYMNE \u00c0 LA JOIE DES 2 ART\u2019S! - 7culture\" \/>\n<meta property=\"og:description\" content=\"\u2018\u2019Kiffez\u2019\u2019, c\u2019est le titre du nouveau single du groupe ivoirien de rap 2 Art\u2019s. Constitu\u00e9 du duo Haaris et Oben, le groupe 2 Arts\u2019s, qui signifie&nbsp;2 artistes, se revendique d\u2019un rap intelligent, avec des textes bien \u00e9crits, sens\u00e9s et des messages forts. Dans ce single, le duo a opt\u00e9 pour un rythme tr\u00e8s dansant.&nbsp;\u00ab&nbsp;C\u2019est un &hellip; MUSIQUE : \u2018\u2019KIFFEZ\u2019\u2019, L\u2019HYMNE \u00c0 LA JOIE DES 2 ART\u2019S! Lire la suite\u00a0\u00bb\" \/>\n<meta property=\"og:url\" content=\"https:\/\/7culture.ci\/index.php\/2021\/05\/26\/musique-kiffez-lhymne-a-la-joie-des-2-arts\/\" \/>\n<meta property=\"og:site_name\" content=\"7culture\" \/>\n<meta property=\"article:publisher\" content=\"https:\/\/www.facebook.com\/redchefclaude\" \/>\n<meta property=\"article:published_time\" content=\"2021-05-26T14:51:18+00:00\" \/>\n<meta name=\"author\" content=\"Waly Tani\" \/>\n<meta name=\"twitter:card\" content=\"summary_large_image\" \/>\n<meta name=\"twitter:creator\" content=\"@7culturec\" \/>\n<meta name=\"twitter:site\" content=\"@7culturec\" \/>\n<meta name=\"twitter:label1\" content=\"\u00c9crit par\" \/>\n\t<meta name=\"twitter:data1\" content=\"Waly Tani\" \/>\n\t<meta name=\"twitter:label2\" content=\"Dur\u00e9e de lecture estim\u00e9e\" \/>\n\t<meta name=\"twitter:data2\" content=\"2 minutes\" \/>\n<script type=\"application\/ld+json\" class=\"yoast-schema-graph\">{\"@context\":\"https:\/\/schema.org\",\"@graph\":[{\"@type\":\"Article\",\"@id\":\"https:\/\/7culture.ci\/index.php\/2021\/05\/26\/musique-kiffez-lhymne-a-la-joie-des-2-arts\/#article\",\"isPartOf\":{\"@id\":\"https:\/\/7culture.ci\/index.php\/2021\/05\/26\/musique-kiffez-lhymne-a-la-joie-des-2-arts\/\"},\"author\":{\"name\":\"Waly Tani\",\"@id\":\"https:\/\/7culture.ci\/#\/schema\/person\/ac6600b76b439b1d2b8a3b734da1a17b\"},\"headline\":\"MUSIQUE : \u2018\u2019KIFFEZ\u2019\u2019, L\u2019HYMNE \u00c0 LA JOIE DES 2 ART\u2019S!\",\"datePublished\":\"2021-05-26T14:51:18+00:00\",\"dateModified\":\"2021-05-26T14:51:18+00:00\",\"mainEntityOfPage\":{\"@id\":\"https:\/\/7culture.ci\/index.php\/2021\/05\/26\/musique-kiffez-lhymne-a-la-joie-des-2-arts\/\"},\"wordCount\":404,\"commentCount\":0,\"publisher\":{\"@id\":\"https:\/\/7culture.ci\/#organization\"},\"articleSection\":[\"Musique\"],\"inLanguage\":\"fr-FR\",\"potentialAction\":[{\"@type\":\"CommentAction\",\"name\":\"Comment\",\"target\":[\"https:\/\/7culture.ci\/index.php\/2021\/05\/26\/musique-kiffez-lhymne-a-la-joie-des-2-arts\/#respond\"]}]},{\"@type\":\"WebPage\",\"@id\":\"https:\/\/7culture.ci\/index.php\/2021\/05\/26\/musique-kiffez-lhymne-a-la-joie-des-2-arts\/\",\"url\":\"https:\/\/7culture.ci\/index.php\/2021\/05\/26\/musique-kiffez-lhymne-a-la-joie-des-2-arts\/\",\"name\":\"MUSIQUE : \u2018\u2019KIFFEZ\u2019\u2019, L\u2019HYMNE \u00c0 LA JOIE DES 2 ART\u2019S! - 7culture\",\"isPartOf\":{\"@id\":\"https:\/\/7culture.ci\/#website\"},\"datePublished\":\"2021-05-26T14:51:18+00:00\",\"dateModified\":\"2021-05-26T14:51:18+00:00\",\"breadcrumb\":{\"@id\":\"https:\/\/7culture.ci\/index.php\/2021\/05\/26\/musique-kiffez-lhymne-a-la-joie-des-2-arts\/#breadcrumb\"},\"inLanguage\":\"fr-FR\",\"potentialAction\":[{\"@type\":\"ReadAction\",\"target\":[\"https:\/\/7culture.ci\/index.php\/2021\/05\/26\/musique-kiffez-lhymne-a-la-joie-des-2-arts\/\"]}]},{\"@type\":\"BreadcrumbList\",\"@id\":\"https:\/\/7culture.ci\/index.php\/2021\/05\/26\/musique-kiffez-lhymne-a-la-joie-des-2-arts\/#breadcrumb\",\"itemListElement\":[{\"@type\":\"ListItem\",\"position\":1,\"name\":\"Accueil\",\"item\":\"https:\/\/7culture.ci\/\"},{\"@type\":\"ListItem\",\"position\":2,\"name\":\"MUSIQUE : \u2018\u2019KIFFEZ\u2019\u2019, L\u2019HYMNE \u00c0 LA JOIE DES 2 ART\u2019S!\"}]},{\"@type\":\"WebSite\",\"@id\":\"https:\/\/7culture.ci\/#website\",\"url\":\"https:\/\/7culture.ci\/\",\"name\":\"7culture\",\"description\":\"Tout sur l&#039;actualit\u00e9\",\"publisher\":{\"@id\":\"https:\/\/7culture.ci\/#organization\"},\"potentialAction\":[{\"@type\":\"SearchAction\",\"target\":{\"@type\":\"EntryPoint\",\"urlTemplate\":\"https:\/\/7culture.ci\/?s={search_term_string}\"},\"query-input\":\"required name=search_term_string\"}],\"inLanguage\":\"fr-FR\"},{\"@type\":\"Organization\",\"@id\":\"https:\/\/7culture.ci\/#organization\",\"name\":\"7culture\",\"url\":\"https:\/\/7culture.ci\/\",\"sameAs\":[\"https:\/\/www.facebook.com\/redchefclaude\",\"https:\/\/twitter.com\/7culturec\"],\"logo\":{\"@type\":\"ImageObject\",\"inLanguage\":\"fr-FR\",\"@id\":\"https:\/\/7culture.ci\/#\/schema\/logo\/image\/\",\"url\":\"https:\/\/7culture.ci\/wp-content\/uploads\/2021\/12\/S1a-1.png\",\"contentUrl\":\"https:\/\/7culture.ci\/wp-content\/uploads\/2021\/12\/S1a-1.png\",\"width\":588,\"height\":192,\"caption\":\"7culture\"},\"image\":{\"@id\":\"https:\/\/7culture.ci\/#\/schema\/logo\/image\/\"}},{\"@type\":\"Person\",\"@id\":\"https:\/\/7culture.ci\/#\/schema\/person\/ac6600b76b439b1d2b8a3b734da1a17b\",\"name\":\"Waly Tani\",\"image\":{\"@type\":\"ImageObject\",\"inLanguage\":\"fr-FR\",\"@id\":\"https:\/\/7culture.ci\/#\/schema\/person\/image\/\",\"url\":\"https:\/\/secure.gravatar.com\/avatar\/f4ffa85bd7cfe6e4376efc1fd606cdb7?s=96&d=mm&r=g\",\"contentUrl\":\"https:\/\/secure.gravatar.com\/avatar\/f4ffa85bd7cfe6e4376efc1fd606cdb7?s=96&d=mm&r=g\",\"caption\":\"Waly Tani\"},\"url\":\"https:\/\/7culture.ci\/index.php\/author\/waly-tani\/\"}]}<\/script>\n<!-- \/ Yoast SEO plugin. -->","yoast_head_json":{"title":"MUSIQUE : \u2018\u2019KIFFEZ\u2019\u2019, L\u2019HYMNE \u00c0 LA JOIE DES 2 ART\u2019S! - 7culture","robots":{"index":"index","follow":"follow","max-snippet":"max-snippet:-1","max-image-preview":"max-image-preview:large","max-video-preview":"max-video-preview:-1"},"canonical":"https:\/\/7culture.ci\/index.php\/2021\/05\/26\/musique-kiffez-lhymne-a-la-joie-des-2-arts\/","og_locale":"fr_FR","og_type":"article","og_title":"MUSIQUE : \u2018\u2019KIFFEZ\u2019\u2019, L\u2019HYMNE \u00c0 LA JOIE DES 2 ART\u2019S! - 7culture","og_description":"\u2018\u2019Kiffez\u2019\u2019, c\u2019est le titre du nouveau single du groupe ivoirien de rap 2 Art\u2019s. Constitu\u00e9 du duo Haaris et Oben, le groupe 2 Arts\u2019s, qui signifie&nbsp;2 artistes, se revendique d\u2019un rap intelligent, avec des textes bien \u00e9crits, sens\u00e9s et des messages forts. Dans ce single, le duo a opt\u00e9 pour un rythme tr\u00e8s dansant.&nbsp;\u00ab&nbsp;C\u2019est un &hellip; MUSIQUE : \u2018\u2019KIFFEZ\u2019\u2019, L\u2019HYMNE \u00c0 LA JOIE DES 2 ART\u2019S! Lire la suite\u00a0\u00bb","og_url":"https:\/\/7culture.ci\/index.php\/2021\/05\/26\/musique-kiffez-lhymne-a-la-joie-des-2-arts\/","og_site_name":"7culture","article_publisher":"https:\/\/www.facebook.com\/redchefclaude","article_published_time":"2021-05-26T14:51:18+00:00","author":"Waly Tani","twitter_card":"summary_large_image","twitter_creator":"@7culturec","twitter_site":"@7culturec","twitter_misc":{"\u00c9crit par":"Waly Tani","Dur\u00e9e de lecture estim\u00e9e":"2 minutes"},"schema":{"@context":"https:\/\/schema.org","@graph":[{"@type":"Article","@id":"https:\/\/7culture.ci\/index.php\/2021\/05\/26\/musique-kiffez-lhymne-a-la-joie-des-2-arts\/#article","isPartOf":{"@id":"https:\/\/7culture.ci\/index.php\/2021\/05\/26\/musique-kiffez-lhymne-a-la-joie-des-2-arts\/"},"author":{"name":"Waly Tani","@id":"https:\/\/7culture.ci\/#\/schema\/person\/ac6600b76b439b1d2b8a3b734da1a17b"},"headline":"MUSIQUE : \u2018\u2019KIFFEZ\u2019\u2019, L\u2019HYMNE \u00c0 LA JOIE DES 2 ART\u2019S!","datePublished":"2021-05-26T14:51:18+00:00","dateModified":"2021-05-26T14:51:18+00:00","mainEntityOfPage":{"@id":"https:\/\/7culture.ci\/index.php\/2021\/05\/26\/musique-kiffez-lhymne-a-la-joie-des-2-arts\/"},"wordCount":404,"commentCount":0,"publisher":{"@id":"https:\/\/7culture.ci\/#organization"},"articleSection":["Musique"],"inLanguage":"fr-FR","potentialAction":[{"@type":"CommentAction","name":"Comment","target":["https:\/\/7culture.ci\/index.php\/2021\/05\/26\/musique-kiffez-lhymne-a-la-joie-des-2-arts\/#respond"]}]},{"@type":"WebPage","@id":"https:\/\/7culture.ci\/index.php\/2021\/05\/26\/musique-kiffez-lhymne-a-la-joie-des-2-arts\/","url":"https:\/\/7culture.ci\/index.php\/2021\/05\/26\/musique-kiffez-lhymne-a-la-joie-des-2-arts\/","name":"MUSIQUE : \u2018\u2019KIFFEZ\u2019\u2019, L\u2019HYMNE \u00c0 LA JOIE DES 2 ART\u2019S! - 7culture","isPartOf":{"@id":"https:\/\/7culture.ci\/#website"},"datePublished":"2021-05-26T14:51:18+00:00","dateModified":"2021-05-26T14:51:18+00:00","breadcrumb":{"@id":"https:\/\/7culture.ci\/index.php\/2021\/05\/26\/musique-kiffez-lhymne-a-la-joie-des-2-arts\/#breadcrumb"},"inLanguage":"fr-FR","potentialAction":[{"@type":"ReadAction","target":["https:\/\/7culture.ci\/index.php\/2021\/05\/26\/musique-kiffez-lhymne-a-la-joie-des-2-arts\/"]}]},{"@type":"BreadcrumbList","@id":"https:\/\/7culture.ci\/index.php\/2021\/05\/26\/musique-kiffez-lhymne-a-la-joie-des-2-arts\/#breadcrumb","itemListElement":[{"@type":"ListItem","position":1,"name":"Accueil","item":"https:\/\/7culture.ci\/"},{"@type":"ListItem","position":2,"name":"MUSIQUE : \u2018\u2019KIFFEZ\u2019\u2019, L\u2019HYMNE \u00c0 LA JOIE DES 2 ART\u2019S!"}]},{"@type":"WebSite","@id":"https:\/\/7culture.ci\/#website","url":"https:\/\/7culture.ci\/","name":"7culture","description":"Tout sur l&#039;actualit\u00e9","publisher":{"@id":"https:\/\/7culture.ci\/#organization"},"potentialAction":[{"@type":"SearchAction","target":{"@type":"EntryPoint","urlTemplate":"https:\/\/7culture.ci\/?s={search_term_string}"},"query-input":"required name=search_term_string"}],"inLanguage":"fr-FR"},{"@type":"Organization","@id":"https:\/\/7culture.ci\/#organization","name":"7culture","url":"https:\/\/7culture.ci\/","sameAs":["https:\/\/www.facebook.com\/redchefclaude","https:\/\/twitter.com\/7culturec"],"logo":{"@type":"ImageObject","inLanguage":"fr-FR","@id":"https:\/\/7culture.ci\/#\/schema\/logo\/image\/","url":"https:\/\/7culture.ci\/wp-content\/uploads\/2021\/12\/S1a-1.png","contentUrl":"https:\/\/7culture.ci\/wp-content\/uploads\/2021\/12\/S1a-1.png","width":588,"height":192,"caption":"7culture"},"image":{"@id":"https:\/\/7culture.ci\/#\/schema\/logo\/image\/"}},{"@type":"Person","@id":"https:\/\/7culture.ci\/#\/schema\/person\/ac6600b76b439b1d2b8a3b734da1a17b","name":"Waly Tani","image":{"@type":"ImageObject","inLanguage":"fr-FR","@id":"https:\/\/7culture.ci\/#\/schema\/person\/image\/","url":"https:\/\/secure.gravatar.com\/avatar\/f4ffa85bd7cfe6e4376efc1fd606cdb7?s=96&d=mm&r=g","contentUrl":"https:\/\/secure.gravatar.com\/avatar\/f4ffa85bd7cfe6e4376efc1fd606cdb7?s=96&d=mm&r=g","caption":"Waly Tani"},"url":"https:\/\/7culture.ci\/index.php\/author\/waly-tani\/"}]}},"jetpack_featured_media_url":"","jetpack_likes_enabled":true,"jetpack_sharing_enabled":true,"_links":{"self":[{"href":"https:\/\/7culture.ci\/index.php\/wp-json\/wp\/v2\/posts\/11072"}],"collection":[{"href":"https:\/\/7culture.ci\/index.php\/wp-json\/wp\/v2\/posts"}],"about":[{"href":"https:\/\/7culture.ci\/index.php\/wp-json\/wp\/v2\/types\/post"}],"author":[{"embeddable":true,"href":"https:\/\/7culture.ci\/index.php\/wp-json\/wp\/v2\/users\/4"}],"replies":[{"embeddable":true,"href":"https:\/\/7culture.ci\/index.php\/wp-json\/wp\/v2\/comments?post=11072"}],"version-history":[{"count":0,"href":"https:\/\/7culture.ci\/index.php\/wp-json\/wp\/v2\/posts\/11072\/revisions"}],"wp:featuredmedia":[{"embeddable":true,"href":"https:\/\/7culture.ci\/index.php\/wp-json\/"}],"wp:attachment":[{"href":"https:\/\/7culture.ci\/index.php\/wp-json\/wp\/v2\/media?parent=11072"}],"wp:term":[{"taxonomy":"category","embeddable":true,"href":"https:\/\/7culture.ci\/index.php\/wp-json\/wp\/v2\/categories?post=11072"},{"taxonomy":"post_tag","embeddable":true,"href":"https:\/\/7culture.ci\/index.php\/wp-json\/wp\/v2\/tags?post=11072"}],"curies":[{"name":"wp","href":"https:\/\/api.w.org\/{rel}","templated":true}]}}