{"id":10698,"date":"2021-05-19T12:11:29","date_gmt":"2021-05-19T12:11:29","guid":{"rendered":"https:\/\/7culture.ci\/index.php\/2021\/05\/19\/bouake-oufle-on-a-vibre-avec-extra-musica-john-kyffyz-affou-keita-yes\/"},"modified":"2021-05-19T12:11:29","modified_gmt":"2021-05-19T12:11:29","slug":"bouake-oufle-on-a-vibre-avec-extra-musica-john-kyffyz-affou-keita-yes","status":"publish","type":"post","link":"https:\/\/7culture.ci\/index.php\/2021\/05\/19\/bouake-oufle-on-a-vibre-avec-extra-musica-john-kyffyz-affou-keita-yes\/","title":{"rendered":"BOUAK\u00c9 OUFL\u00ca : ON A VIBR\u00c9 AVEC EXTRA MUSICA, JOHN KYFFYZ,  AFFOU K\u00c9ITA, YeS\u2026"},"content":{"rendered":"\n<p><strong><em>En l\u2019espace d\u2019un week-end, Bouak\u00e9 est devenu la capitale musicale de la C\u00f4te d\u2019Ivoire. Plus de 20 artistes d\u2019ici et d\u2019ailleurs ont anim\u00e9 l\u2019\u00e9dition 2 du Festival Bouak\u00e9 Oufl\u00ea les 14, 15 et 16 mai 2021. Une belle communion entre artistes et public doubl\u00e9e d\u2019une belle action sociale de curage des rues du chef-lieu du Gb\u00eak\u00ea\u00a0!<\/em><\/strong><\/p>\n\n\n\n<p>Annul\u00e9 en 2020 \u00e0 cause de la crise de la covid-19, le plus grand rendez-vous culturel de la r\u00e9gion du Gb\u00eak\u00ea a pu reprendre ses droits les 14, 15 et 16 mai dernier sur le Boulevard du Carnaval. La belle affiche all\u00e9chante et diversifi\u00e9e a permis au public de vivre de merveilleux intacts de musique en osmose avec des artistes qui donnent tout sur la sc\u00e8ne. Malgr\u00e9 les f\u00eates du Ramadan et de l\u2019Ascension qui ont pr\u00e9c\u00e9d\u00e9 le festival, les spectateurs ont trouv\u00e9 le temps de r\u00e9pondre pr\u00e9sent \u00e0 l\u2019appel de Bouak\u00e9 Oufl\u00ea. Et chaque soir de concert, la magie s\u2019op\u00e9rait.<\/p>\n\n\n\n<figure class=\\\"wp-block-image size-large is-resized\\\"><img src=\\\"https:\/\/7culture.ci\/fbf\/uploads\/2021\/05\/IMG-20210519-WA0000-1024x683.jpg\\\" alt=\\\"\\\" class=\\\"wp-image-10702\\\" width=\\\"662\\\" height=\\\"441\\\"\/><\/figure>\n\n\n\n<p>En ouverture du Festival Bouak\u00e9 Oufl\u00ea le 14 mai, le Ghan\u00e9en Bisa Kdei, Les Garagistes, Mix 1<sup>er<\/sup>, DJ Lewis et Serge Beynaud ont mis le feu au Boulevard du Carnaval, quartier g\u00e9n\u00e9ral de Bouak\u00e9 Oufl\u00ea 2. Au 2<sup>e<\/sup> rendez-vous le 15 mai, ce sont Hilary, Adeba Kobenan, S-Kelly, Affou K\u00e9\u00efta, Extra Musica\u2026 qui ont entretenu le public jusqu\u2019au petit matin. Les Congolais de Brazzaville qui trouvent toujours une cure de jouvence aupr\u00e8s du public ivoirien, n\u2019ont pas manqu\u00e9 l\u2019occasion de sortir le grand jeu pour s\u00e9duire les spectateurs. La bonne menac\u00e9e de la bande \u00e0 Roga Roga entre anciens et nouveaux tubes, a mis l\u2019ambiance au summum pendant leur prestation. Talons \u00f4t\u00e9s, Affou K\u00e9\u00efta fait des mont\u00e9es-descentes entre le podium et ses nombreux fans pour des bains de foules hyst\u00e9riques. Revenu de ses \u2018\u2019folies\u2019\u2019 passag\u00e8res, c\u2019est un S-Kelly qui sert un pur couper-d\u00e9caler \u00e0 ses parents de Bouak\u00e9. \u2018\u2019L\u2019Oiseau de Dieu\u2019\u2019 comme il se surnomme, a fait admirer cette fois-ci son plumage, pardon, son talent.<\/p>\n\n\n\n<div class=\\\"wp-block-image\\\"><figure class=\\\"aligncenter size-large is-resized\\\"><img src=\\\"https:\/\/7culture.ci\/fbf\/uploads\/2021\/05\/IMG-20210519-WA0015-1024x683.jpg\\\" alt=\\\"\\\" class=\\\"wp-image-10703\\\" width=\\\"637\\\" height=\\\"425\\\"\/><\/figure><\/div>\n\n\n\n<p>La soir\u00e9e-apoth\u00e9ose de la 2<sup>e<\/sup> \u00e9dition du Festival Bouak\u00e9 Oufl\u00ea est intervenue le dimanche 16 mai. Entre 20h et 5h du matin, l\u2019\u00e9v\u00e8nement a mis la ville sur un pied. Veille de jour ouvrable, les Bouak\u00e9ens ont saut\u00e9, cri\u00e9 et chant\u00e9 en ch\u0153ur jusqu\u2019au petit matin avec Rico Amaj, Arthur&amp;Saw\u00e9, Le Molare, John Kyffyz et YeS. Ce sont les enfants de Gbatanikro qui ont boucl\u00e9 le festival. Tubes sur tubes, Yod\u00e9 et Siro ont fait vivre ou revivre \u00e0 la foule des moments inoubliables de presque 30 ans de carri\u00e8re. Avant que le duo magique du Zouglou ne s\u2019empare du podium, la sc\u00e8ne avait \u00e9t\u00e9 surchauff\u00e9e par un certain Molare. L\u2019actuel bosse du couper-d\u00e9caler et ex-jet-setter ivoirien, est devenu un as du live. Le membre fondateur du mouvement qui r\u00e9volutionna la musique ivoirienne dans les ann\u00e9es 2000, a su tir\u00e9 son \u00e9pingle du jeu pendant ce festival qui recevait de grands seigneurs du show-biz africain. Comme John Kyffyz&nbsp;! Le chef de la tribu des \u2018\u2019kal\u00e9gnons\u2019\u2019 est rest\u00e9 \u00e9gal \u00e0 lui-m\u00eame. Tranquille sur la sc\u00e8ne avec un orchestre rajeuni \u00e0 95%, l\u2019homme fort du Z\u00eaz\u00ea Pop a encore \u00e9lectris\u00e9 la foule.<\/p>\n\n\n\n<div class=\\\"wp-block-image\\\"><figure class=\\\"alignright size-large is-resized\\\"><img src=\\\"https:\/\/7culture.ci\/fbf\/uploads\/2021\/05\/IMG-20210519-WA0001-1024x683.jpg\\\" alt=\\\"\\\" class=\\\"wp-image-10704\\\" width=\\\"703\\\" height=\\\"468\\\"\/><\/figure><\/div>\n\n\n\n<p>C\u2019est dans une ambiance chaleureuse que s\\&#8217;est d\u00e9roul\u00e9e la 2e \u00e9dition du Festival Bouak\u00e9 Oufl\u00ea. Avec un QG install\u00e9 Boulevard du Carnaval les 14, 15 et 16 mai, les habitants de la r\u00e9gion du Gb\u00eak\u00ea ont \u00e9t\u00e9 tenus en haleine par trois soir\u00e9es de concerts in\u00e9dits. Mais la musique n\u2019a pas \u00e9t\u00e9 le seul motif de ralliement des populations sur l\u2019embl\u00e9matique place de la 2\u00e8 ville de la C\u00f4te d\u2019Ivoire. L\u2019espace maquis et restaurant a aussi constitu\u00e9 un p\u00f4le d\u2019attraction des visiteurs pour \u00e9changer entre amis tout en suivant le show projet\u00e9 sur \u00e9crans g\u00e9ants. Des salles gaming ont \u00e9galement mobilis\u00e9 le public jeune.<\/p>\n\n\n\n<figure class=\\\"wp-block-image size-large is-resized\\\"><img src=\\\"https:\/\/7culture.ci\/fbf\/uploads\/2021\/05\/IMG-20210519-WA0045-1024x683.jpg\\\" alt=\\\"\\\" class=\\\"wp-image-10705\\\" width=\\\"643\\\" height=\\\"428\\\"\/><\/figure>\n\n\n\n<p>La 2<sup>e<\/sup> \u00e9dition Bouak\u00e9 Oufl\u00ea s\u2019est aussi enrichie par la r\u00e9alisation d\u2019actions sociales et citoyennes dans la cit\u00e9 h\u00f4te. Pour le volet social du festival, les organisateurs, leurs principaux invit\u00e9s et collaborateurs ont fait des dons \u00e0 l\\&#8217;h\u00f4pital psychiatrique St Camille de Bouak\u00e9 le samedi 15 mai. Dans l\u2019apr\u00e8s-midi, ce fut une journ\u00e9e \u00e9poustouflante remplie de joie autour de la finale de Maracana. L\u2019action citoyenne soutenue par l\\&#8217;Agence de Gestion des Routes (Ageroute), le 1er Bataillon du G\u00e9nie et la Mairie de Bouak\u00e9, a conduit une mission de curage de caniveaux sur l\u2019axe Bouak\u00e9-B\u00e9oumi le dimanche 16 mai.<\/p>\n\n\n\n<figure class=\\\"wp-block-image size-large is-resized\\\"><img src=\\\"https:\/\/7culture.ci\/fbf\/uploads\/2021\/05\/IMG-20210519-WA0026-1024x683.jpg\\\" alt=\\\"\\\" class=\\\"wp-image-10707\\\" width=\\\"650\\\" height=\\\"433\\\"\/><\/figure>\n\n\n\n<p>Ev\u00e8nement majeur dans la r\u00e9gion du Gb\u00eak\u00ea post-crise, le Festival Bouak\u00e9 Oufl\u00ea est soutenu par les fils et cadres de la ville. Cette 2\u00e8 \u00e9dition \u00e9tait parrain\u00e9e par le ministre des Transports, Amadou Kon\u00e9. Qui a assist\u00e9 personnellement au concert du samedi 15 mai. L\u2019autre cadre de la r\u00e9gion qui s\u2019est montr\u00e9 disponible durant tout le festival est Souleymane Tour\u00e9, Conseiller technique aupr\u00e8s du Premier ministre charg\u00e9 de la jeunesse. \u00ab&nbsp;<strong><em>Comme le football, la musique est aussi un grand facteur de rassemblement et de coh\u00e9sion. Ici \u00e0 Bouak\u00e9, nous mettons un point d\u2019honneur \u00e0 apporter notre concours aux diff\u00e9rents promoteurs d\u2019\u00e9v\u00e8nements culturels dans notre ville. Bouak\u00e9 Oufl\u00ea est une belle vitrine pour notre cit\u00e9<\/em><\/strong>&nbsp;\u00bb, a not\u00e9 M. Tour\u00e9 en plein show de cl\u00f4ture de Yod\u00e9 et Siro.<\/p>\n\n\n\n<div class=\\\"wp-block-image\\\"><figure class=\\\"aligncenter size-large is-resized\\\"><img src=\\\"https:\/\/7culture.ci\/fbf\/uploads\/2021\/05\/IMG-20210519-WA0040-1024x683.jpg\\\" alt=\\\"\\\" class=\\\"wp-image-10708\\\" width=\\\"709\\\" height=\\\"472\\\"\/><\/figure><\/div>\n\n\n\n<p>Cette ann\u00e9e, le th\u00e8me du festival \u00e9tait\u00a0: \u2018<em>\u2019Diversit\u00e9 culturelle et coh\u00e9sion sociale<\/em>\u2019\u2019.<\/p>\n\n\n\n<p>Par Omar AK<\/p>\n","protected":false},"excerpt":{"rendered":"<p>En l\u2019espace d\u2019un week-end, Bouak\u00e9 est devenu la capitale musicale de la C\u00f4te d\u2019Ivoire. Plus de 20 artistes d\u2019ici et d\u2019ailleurs ont anim\u00e9 l\u2019\u00e9dition 2 du Festival Bouak\u00e9 Oufl\u00ea les 14, 15 et 16 mai 2021. Une belle communion entre artistes et public doubl\u00e9e d\u2019une belle action sociale de curage des rues du chef-lieu du &hellip;<\/p>\n<p class=\"read-more\"> <a class=\"\" href=\"https:\/\/7culture.ci\/index.php\/2021\/05\/19\/bouake-oufle-on-a-vibre-avec-extra-musica-john-kyffyz-affou-keita-yes\/\"> <span class=\"screen-reader-text\">BOUAK\u00c9 OUFL\u00ca : ON A VIBR\u00c9 AVEC EXTRA MUSICA, JOHN KYFFYZ,  AFFOU K\u00c9ITA, YeS\u2026<\/span> Lire la suite\u00a0\u00bb<\/a><\/p>\n","protected":false},"author":4,"featured_media":10701,"comment_status":"open","ping_status":"closed","sticky":false,"template":"","format":"standard","meta":{"_mi_skip_tracking":false,"_monsterinsights_sitenote_active":false,"_monsterinsights_sitenote_note":"","_monsterinsights_sitenote_category":0,"site-sidebar-layout":"default","site-content-layout":"default","ast-global-header-display":"","ast-main-header-display":"","ast-hfb-above-header-display":"","ast-hfb-below-header-display":"","ast-hfb-mobile-header-display":"","site-post-title":"","ast-breadcrumbs-content":"","ast-featured-img":"","footer-sml-layout":"","theme-transparent-header-meta":"","adv-header-id-meta":"","stick-header-meta":"","header-above-stick-meta":"","header-main-stick-meta":"","header-below-stick-meta":"","footnotes":"","jetpack_publicize_message":"","jetpack_is_tweetstorm":false,"jetpack_publicize_feature_enabled":true},"categories":[16],"tags":[],"jetpack_publicize_connections":[],"acf":[],"aioseo_notices":[],"yoast_head":"<!-- This site is optimized with the Yoast SEO plugin v19.6.1 - https:\/\/yoast.com\/wordpress\/plugins\/seo\/ -->\n<title>BOUAK\u00c9 OUFL\u00ca : ON A VIBR\u00c9 AVEC EXTRA MUSICA, JOHN KYFFYZ, AFFOU K\u00c9ITA, YeS\u2026 - 7culture<\/title>\n<meta name=\"robots\" content=\"index, follow, max-snippet:-1, max-image-preview:large, max-video-preview:-1\" \/>\n<link rel=\"canonical\" href=\"https:\/\/7culture.ci\/index.php\/2021\/05\/19\/bouake-oufle-on-a-vibre-avec-extra-musica-john-kyffyz-affou-keita-yes\/\" \/>\n<meta property=\"og:locale\" content=\"fr_FR\" \/>\n<meta property=\"og:type\" content=\"article\" \/>\n<meta property=\"og:title\" content=\"BOUAK\u00c9 OUFL\u00ca : ON A VIBR\u00c9 AVEC EXTRA MUSICA, JOHN KYFFYZ, AFFOU K\u00c9ITA, YeS\u2026 - 7culture\" \/>\n<meta property=\"og:description\" content=\"En l\u2019espace d\u2019un week-end, Bouak\u00e9 est devenu la capitale musicale de la C\u00f4te d\u2019Ivoire. Plus de 20 artistes d\u2019ici et d\u2019ailleurs ont anim\u00e9 l\u2019\u00e9dition 2 du Festival Bouak\u00e9 Oufl\u00ea les 14, 15 et 16 mai 2021. Une belle communion entre artistes et public doubl\u00e9e d\u2019une belle action sociale de curage des rues du chef-lieu du &hellip; BOUAK\u00c9 OUFL\u00ca : ON A VIBR\u00c9 AVEC EXTRA MUSICA, JOHN KYFFYZ, AFFOU K\u00c9ITA, YeS\u2026 Lire la suite\u00a0\u00bb\" \/>\n<meta property=\"og:url\" content=\"https:\/\/7culture.ci\/index.php\/2021\/05\/19\/bouake-oufle-on-a-vibre-avec-extra-musica-john-kyffyz-affou-keita-yes\/\" \/>\n<meta property=\"og:site_name\" content=\"7culture\" \/>\n<meta property=\"article:publisher\" content=\"https:\/\/www.facebook.com\/redchefclaude\" \/>\n<meta property=\"article:published_time\" content=\"2021-05-19T12:11:29+00:00\" \/>\n<meta name=\"author\" content=\"Waly Tani\" \/>\n<meta name=\"twitter:card\" content=\"summary_large_image\" \/>\n<meta name=\"twitter:creator\" content=\"@7culturec\" \/>\n<meta name=\"twitter:site\" content=\"@7culturec\" \/>\n<meta name=\"twitter:label1\" content=\"\u00c9crit par\" \/>\n\t<meta name=\"twitter:data1\" content=\"Waly Tani\" \/>\n\t<meta name=\"twitter:label2\" content=\"Dur\u00e9e de lecture estim\u00e9e\" \/>\n\t<meta name=\"twitter:data2\" content=\"5 minutes\" \/>\n<script type=\"application\/ld+json\" class=\"yoast-schema-graph\">{\"@context\":\"https:\/\/schema.org\",\"@graph\":[{\"@type\":\"Article\",\"@id\":\"https:\/\/7culture.ci\/index.php\/2021\/05\/19\/bouake-oufle-on-a-vibre-avec-extra-musica-john-kyffyz-affou-keita-yes\/#article\",\"isPartOf\":{\"@id\":\"https:\/\/7culture.ci\/index.php\/2021\/05\/19\/bouake-oufle-on-a-vibre-avec-extra-musica-john-kyffyz-affou-keita-yes\/\"},\"author\":{\"name\":\"Waly Tani\",\"@id\":\"https:\/\/7culture.ci\/#\/schema\/person\/ac6600b76b439b1d2b8a3b734da1a17b\"},\"headline\":\"BOUAK\u00c9 OUFL\u00ca : ON A VIBR\u00c9 AVEC EXTRA MUSICA, JOHN KYFFYZ, AFFOU K\u00c9ITA, YeS\u2026\",\"datePublished\":\"2021-05-19T12:11:29+00:00\",\"dateModified\":\"2021-05-19T12:11:29+00:00\",\"mainEntityOfPage\":{\"@id\":\"https:\/\/7culture.ci\/index.php\/2021\/05\/19\/bouake-oufle-on-a-vibre-avec-extra-musica-john-kyffyz-affou-keita-yes\/\"},\"wordCount\":953,\"commentCount\":0,\"publisher\":{\"@id\":\"https:\/\/7culture.ci\/#organization\"},\"articleSection\":[\"Musique\"],\"inLanguage\":\"fr-FR\",\"potentialAction\":[{\"@type\":\"CommentAction\",\"name\":\"Comment\",\"target\":[\"https:\/\/7culture.ci\/index.php\/2021\/05\/19\/bouake-oufle-on-a-vibre-avec-extra-musica-john-kyffyz-affou-keita-yes\/#respond\"]}]},{\"@type\":\"WebPage\",\"@id\":\"https:\/\/7culture.ci\/index.php\/2021\/05\/19\/bouake-oufle-on-a-vibre-avec-extra-musica-john-kyffyz-affou-keita-yes\/\",\"url\":\"https:\/\/7culture.ci\/index.php\/2021\/05\/19\/bouake-oufle-on-a-vibre-avec-extra-musica-john-kyffyz-affou-keita-yes\/\",\"name\":\"BOUAK\u00c9 OUFL\u00ca : ON A VIBR\u00c9 AVEC EXTRA MUSICA, JOHN KYFFYZ, AFFOU K\u00c9ITA, YeS\u2026 - 7culture\",\"isPartOf\":{\"@id\":\"https:\/\/7culture.ci\/#website\"},\"datePublished\":\"2021-05-19T12:11:29+00:00\",\"dateModified\":\"2021-05-19T12:11:29+00:00\",\"breadcrumb\":{\"@id\":\"https:\/\/7culture.ci\/index.php\/2021\/05\/19\/bouake-oufle-on-a-vibre-avec-extra-musica-john-kyffyz-affou-keita-yes\/#breadcrumb\"},\"inLanguage\":\"fr-FR\",\"potentialAction\":[{\"@type\":\"ReadAction\",\"target\":[\"https:\/\/7culture.ci\/index.php\/2021\/05\/19\/bouake-oufle-on-a-vibre-avec-extra-musica-john-kyffyz-affou-keita-yes\/\"]}]},{\"@type\":\"BreadcrumbList\",\"@id\":\"https:\/\/7culture.ci\/index.php\/2021\/05\/19\/bouake-oufle-on-a-vibre-avec-extra-musica-john-kyffyz-affou-keita-yes\/#breadcrumb\",\"itemListElement\":[{\"@type\":\"ListItem\",\"position\":1,\"name\":\"Accueil\",\"item\":\"https:\/\/7culture.ci\/\"},{\"@type\":\"ListItem\",\"position\":2,\"name\":\"BOUAK\u00c9 OUFL\u00ca : ON A VIBR\u00c9 AVEC EXTRA MUSICA, JOHN KYFFYZ, AFFOU K\u00c9ITA, YeS\u2026\"}]},{\"@type\":\"WebSite\",\"@id\":\"https:\/\/7culture.ci\/#website\",\"url\":\"https:\/\/7culture.ci\/\",\"name\":\"7culture\",\"description\":\"Tout sur l&#039;actualit\u00e9\",\"publisher\":{\"@id\":\"https:\/\/7culture.ci\/#organization\"},\"potentialAction\":[{\"@type\":\"SearchAction\",\"target\":{\"@type\":\"EntryPoint\",\"urlTemplate\":\"https:\/\/7culture.ci\/?s={search_term_string}\"},\"query-input\":\"required name=search_term_string\"}],\"inLanguage\":\"fr-FR\"},{\"@type\":\"Organization\",\"@id\":\"https:\/\/7culture.ci\/#organization\",\"name\":\"7culture\",\"url\":\"https:\/\/7culture.ci\/\",\"sameAs\":[\"https:\/\/www.facebook.com\/redchefclaude\",\"https:\/\/twitter.com\/7culturec\"],\"logo\":{\"@type\":\"ImageObject\",\"inLanguage\":\"fr-FR\",\"@id\":\"https:\/\/7culture.ci\/#\/schema\/logo\/image\/\",\"url\":\"https:\/\/7culture.ci\/wp-content\/uploads\/2021\/12\/S1a-1.png\",\"contentUrl\":\"https:\/\/7culture.ci\/wp-content\/uploads\/2021\/12\/S1a-1.png\",\"width\":588,\"height\":192,\"caption\":\"7culture\"},\"image\":{\"@id\":\"https:\/\/7culture.ci\/#\/schema\/logo\/image\/\"}},{\"@type\":\"Person\",\"@id\":\"https:\/\/7culture.ci\/#\/schema\/person\/ac6600b76b439b1d2b8a3b734da1a17b\",\"name\":\"Waly Tani\",\"image\":{\"@type\":\"ImageObject\",\"inLanguage\":\"fr-FR\",\"@id\":\"https:\/\/7culture.ci\/#\/schema\/person\/image\/\",\"url\":\"https:\/\/secure.gravatar.com\/avatar\/f4ffa85bd7cfe6e4376efc1fd606cdb7?s=96&d=mm&r=g\",\"contentUrl\":\"https:\/\/secure.gravatar.com\/avatar\/f4ffa85bd7cfe6e4376efc1fd606cdb7?s=96&d=mm&r=g\",\"caption\":\"Waly Tani\"},\"url\":\"https:\/\/7culture.ci\/index.php\/author\/waly-tani\/\"}]}<\/script>\n<!-- \/ Yoast SEO plugin. -->","yoast_head_json":{"title":"BOUAK\u00c9 OUFL\u00ca : ON A VIBR\u00c9 AVEC EXTRA MUSICA, JOHN KYFFYZ, AFFOU K\u00c9ITA, YeS\u2026 - 7culture","robots":{"index":"index","follow":"follow","max-snippet":"max-snippet:-1","max-image-preview":"max-image-preview:large","max-video-preview":"max-video-preview:-1"},"canonical":"https:\/\/7culture.ci\/index.php\/2021\/05\/19\/bouake-oufle-on-a-vibre-avec-extra-musica-john-kyffyz-affou-keita-yes\/","og_locale":"fr_FR","og_type":"article","og_title":"BOUAK\u00c9 OUFL\u00ca : ON A VIBR\u00c9 AVEC EXTRA MUSICA, JOHN KYFFYZ, AFFOU K\u00c9ITA, YeS\u2026 - 7culture","og_description":"En l\u2019espace d\u2019un week-end, Bouak\u00e9 est devenu la capitale musicale de la C\u00f4te d\u2019Ivoire. Plus de 20 artistes d\u2019ici et d\u2019ailleurs ont anim\u00e9 l\u2019\u00e9dition 2 du Festival Bouak\u00e9 Oufl\u00ea les 14, 15 et 16 mai 2021. Une belle communion entre artistes et public doubl\u00e9e d\u2019une belle action sociale de curage des rues du chef-lieu du &hellip; BOUAK\u00c9 OUFL\u00ca : ON A VIBR\u00c9 AVEC EXTRA MUSICA, JOHN KYFFYZ, AFFOU K\u00c9ITA, YeS\u2026 Lire la suite\u00a0\u00bb","og_url":"https:\/\/7culture.ci\/index.php\/2021\/05\/19\/bouake-oufle-on-a-vibre-avec-extra-musica-john-kyffyz-affou-keita-yes\/","og_site_name":"7culture","article_publisher":"https:\/\/www.facebook.com\/redchefclaude","article_published_time":"2021-05-19T12:11:29+00:00","author":"Waly Tani","twitter_card":"summary_large_image","twitter_creator":"@7culturec","twitter_site":"@7culturec","twitter_misc":{"\u00c9crit par":"Waly Tani","Dur\u00e9e de lecture estim\u00e9e":"5 minutes"},"schema":{"@context":"https:\/\/schema.org","@graph":[{"@type":"Article","@id":"https:\/\/7culture.ci\/index.php\/2021\/05\/19\/bouake-oufle-on-a-vibre-avec-extra-musica-john-kyffyz-affou-keita-yes\/#article","isPartOf":{"@id":"https:\/\/7culture.ci\/index.php\/2021\/05\/19\/bouake-oufle-on-a-vibre-avec-extra-musica-john-kyffyz-affou-keita-yes\/"},"author":{"name":"Waly Tani","@id":"https:\/\/7culture.ci\/#\/schema\/person\/ac6600b76b439b1d2b8a3b734da1a17b"},"headline":"BOUAK\u00c9 OUFL\u00ca : ON A VIBR\u00c9 AVEC EXTRA MUSICA, JOHN KYFFYZ, AFFOU K\u00c9ITA, YeS\u2026","datePublished":"2021-05-19T12:11:29+00:00","dateModified":"2021-05-19T12:11:29+00:00","mainEntityOfPage":{"@id":"https:\/\/7culture.ci\/index.php\/2021\/05\/19\/bouake-oufle-on-a-vibre-avec-extra-musica-john-kyffyz-affou-keita-yes\/"},"wordCount":953,"commentCount":0,"publisher":{"@id":"https:\/\/7culture.ci\/#organization"},"articleSection":["Musique"],"inLanguage":"fr-FR","potentialAction":[{"@type":"CommentAction","name":"Comment","target":["https:\/\/7culture.ci\/index.php\/2021\/05\/19\/bouake-oufle-on-a-vibre-avec-extra-musica-john-kyffyz-affou-keita-yes\/#respond"]}]},{"@type":"WebPage","@id":"https:\/\/7culture.ci\/index.php\/2021\/05\/19\/bouake-oufle-on-a-vibre-avec-extra-musica-john-kyffyz-affou-keita-yes\/","url":"https:\/\/7culture.ci\/index.php\/2021\/05\/19\/bouake-oufle-on-a-vibre-avec-extra-musica-john-kyffyz-affou-keita-yes\/","name":"BOUAK\u00c9 OUFL\u00ca : ON A VIBR\u00c9 AVEC EXTRA MUSICA, JOHN KYFFYZ, AFFOU K\u00c9ITA, YeS\u2026 - 7culture","isPartOf":{"@id":"https:\/\/7culture.ci\/#website"},"datePublished":"2021-05-19T12:11:29+00:00","dateModified":"2021-05-19T12:11:29+00:00","breadcrumb":{"@id":"https:\/\/7culture.ci\/index.php\/2021\/05\/19\/bouake-oufle-on-a-vibre-avec-extra-musica-john-kyffyz-affou-keita-yes\/#breadcrumb"},"inLanguage":"fr-FR","potentialAction":[{"@type":"ReadAction","target":["https:\/\/7culture.ci\/index.php\/2021\/05\/19\/bouake-oufle-on-a-vibre-avec-extra-musica-john-kyffyz-affou-keita-yes\/"]}]},{"@type":"BreadcrumbList","@id":"https:\/\/7culture.ci\/index.php\/2021\/05\/19\/bouake-oufle-on-a-vibre-avec-extra-musica-john-kyffyz-affou-keita-yes\/#breadcrumb","itemListElement":[{"@type":"ListItem","position":1,"name":"Accueil","item":"https:\/\/7culture.ci\/"},{"@type":"ListItem","position":2,"name":"BOUAK\u00c9 OUFL\u00ca : ON A VIBR\u00c9 AVEC EXTRA MUSICA, JOHN KYFFYZ, AFFOU K\u00c9ITA, YeS\u2026"}]},{"@type":"WebSite","@id":"https:\/\/7culture.ci\/#website","url":"https:\/\/7culture.ci\/","name":"7culture","description":"Tout sur l&#039;actualit\u00e9","publisher":{"@id":"https:\/\/7culture.ci\/#organization"},"potentialAction":[{"@type":"SearchAction","target":{"@type":"EntryPoint","urlTemplate":"https:\/\/7culture.ci\/?s={search_term_string}"},"query-input":"required name=search_term_string"}],"inLanguage":"fr-FR"},{"@type":"Organization","@id":"https:\/\/7culture.ci\/#organization","name":"7culture","url":"https:\/\/7culture.ci\/","sameAs":["https:\/\/www.facebook.com\/redchefclaude","https:\/\/twitter.com\/7culturec"],"logo":{"@type":"ImageObject","inLanguage":"fr-FR","@id":"https:\/\/7culture.ci\/#\/schema\/logo\/image\/","url":"https:\/\/7culture.ci\/wp-content\/uploads\/2021\/12\/S1a-1.png","contentUrl":"https:\/\/7culture.ci\/wp-content\/uploads\/2021\/12\/S1a-1.png","width":588,"height":192,"caption":"7culture"},"image":{"@id":"https:\/\/7culture.ci\/#\/schema\/logo\/image\/"}},{"@type":"Person","@id":"https:\/\/7culture.ci\/#\/schema\/person\/ac6600b76b439b1d2b8a3b734da1a17b","name":"Waly Tani","image":{"@type":"ImageObject","inLanguage":"fr-FR","@id":"https:\/\/7culture.ci\/#\/schema\/person\/image\/","url":"https:\/\/secure.gravatar.com\/avatar\/f4ffa85bd7cfe6e4376efc1fd606cdb7?s=96&d=mm&r=g","contentUrl":"https:\/\/secure.gravatar.com\/avatar\/f4ffa85bd7cfe6e4376efc1fd606cdb7?s=96&d=mm&r=g","caption":"Waly Tani"},"url":"https:\/\/7culture.ci\/index.php\/author\/waly-tani\/"}]}},"jetpack_featured_media_url":"","jetpack_likes_enabled":true,"jetpack_sharing_enabled":true,"_links":{"self":[{"href":"https:\/\/7culture.ci\/index.php\/wp-json\/wp\/v2\/posts\/10698"}],"collection":[{"href":"https:\/\/7culture.ci\/index.php\/wp-json\/wp\/v2\/posts"}],"about":[{"href":"https:\/\/7culture.ci\/index.php\/wp-json\/wp\/v2\/types\/post"}],"author":[{"embeddable":true,"href":"https:\/\/7culture.ci\/index.php\/wp-json\/wp\/v2\/users\/4"}],"replies":[{"embeddable":true,"href":"https:\/\/7culture.ci\/index.php\/wp-json\/wp\/v2\/comments?post=10698"}],"version-history":[{"count":0,"href":"https:\/\/7culture.ci\/index.php\/wp-json\/wp\/v2\/posts\/10698\/revisions"}],"wp:featuredmedia":[{"embeddable":true,"href":"https:\/\/7culture.ci\/index.php\/wp-json\/"}],"wp:attachment":[{"href":"https:\/\/7culture.ci\/index.php\/wp-json\/wp\/v2\/media?parent=10698"}],"wp:term":[{"taxonomy":"category","embeddable":true,"href":"https:\/\/7culture.ci\/index.php\/wp-json\/wp\/v2\/categories?post=10698"},{"taxonomy":"post_tag","embeddable":true,"href":"https:\/\/7culture.ci\/index.php\/wp-json\/wp\/v2\/tags?post=10698"}],"curies":[{"name":"wp","href":"https:\/\/api.w.org\/{rel}","templated":true}]}}