{"id":10692,"date":"2021-05-18T18:52:43","date_gmt":"2021-05-18T18:52:43","guid":{"rendered":"https:\/\/7culture.ci\/index.php\/2021\/05\/18\/euro-2021-deschamps-rappelle-benzema\/"},"modified":"2021-05-18T18:52:43","modified_gmt":"2021-05-18T18:52:43","slug":"euro-2021-deschamps-rappelle-benzema","status":"publish","type":"post","link":"https:\/\/7culture.ci\/index.php\/2021\/05\/18\/euro-2021-deschamps-rappelle-benzema\/","title":{"rendered":"EURO 2021: DESCHAMPS RAPPELLE BENZEMA"},"content":{"rendered":"\n<p><strong><em>L\u2019attaquant du Real Madrid figure, contre toute attente, dans la liste des 26 Bleus annonc\u00e9e ce mardi par Didier Deschamps pour l\u2019Euro.<\/em><\/strong><\/p>\n\n\n\n<p>Un retour surprise, dont l\u2019hypoth\u00e8se enflait depuis lundi. Cinq ans apr\u00e8s sa derni\u00e8re s\u00e9lection contre l\u2019Arm\u00e9nie en 2015, Karim Benzema fait partie des 26 joueurs convoqu\u00e9s pour l\u2019Euro 2021, a annonc\u00e9 Didier Deschamps, le s\u00e9lectionneur des Bleus, ce mardi 18 mai, confirmant une information du \u2018\u2019Parisien\u2019\u2019.<\/p>\n\n\n\n<p>Le joueur du Real Madrid, 33 ans, n\u2019avait plus \u00e9t\u00e9 appel\u00e9 depuis l\u2019automne 2015, et la r\u00e9v\u00e9lation de l\u2019affaire du chantage \u00e0 la sextape contre Mathieu Valbuena, dont le proc\u00e8s aura lieu du 20 au 22 octobre prochains. Ses d\u00e9clarations envers Didier Deschamps \u00e0 la presse espagnole, quelques jours avant l\u2019Euro 2016, l\u2019avaient encore davantage \u00e9loign\u00e9 du s\u00e9lectionneur. Le Madril\u00e8ne avait alors avanc\u00e9 que le s\u00e9lectionneur avait \u00ab <strong><em>c\u00e9d\u00e9 \u00e0 une partie raciste de la France <\/em><\/strong>\u00bb.<\/p>\n\n\n\n<div class=\\\"wp-block-image\\\"><figure class=\\\"aligncenter size-large is-resized\\\"><img src=\\\"http:\/\/7culture.ci\/fbf\/uploads\/2021\/05\/benzema1.jpg\\\" alt=\\\"\\\" class=\\\"wp-image-10695\\\" width=\\\"709\\\" height=\\\"500\\\"\/><\/figure><\/div>\n\n\n\n<p><strong>Un atout offensif majeur<\/strong><\/p>\n\n\n\n<p>Didier Deschamps semble aujourd\u2019hui pr\u00eat \u00e0 oublier ce pass\u00e9 commun, pour l\u2019int\u00e9r\u00eat de l\u2019\u00e9quipe de France. Une r\u00e9int\u00e9gration avant tout strat\u00e9gique, selon \u2018\u2019l\u2019\u00c9quipe\u2019\u2019. Car avec 29 buts et 8 passes d\u00e9cisives en 45 matchs toutes comp\u00e9titions confondues, le joueur est devenu l\u2019atout offensif majeur du Real Madrid. Ses statistiques pourraient avoir finalement convaincu le patron des Bleus.<\/p>\n\n\n\n<p>Mais si la d\u00e9cision est inattendue, ce n\u2019est pas la premi\u00e8re fois que le s\u00e9lectionneur fran\u00e7ais met de c\u00f4t\u00e9 ses relations avec certains joueurs pour les rappeler en \u00e9quipe de France. Mettant sans cesse en avant le collectif et l\u2019int\u00e9r\u00eat de l\u2019\u00e9quipe, Deschamps avait ainsi r\u00e9int\u00e9gr\u00e9 Ben Arfa, Gignac ou Rabiot malgr\u00e9 leurs diff\u00e9rends.<\/p>\n\n\n\n<p>Rappeler Benzema est aujourd\u2019hui avantageux sur le plan sportif. La France se dote donc d\u2019un nouvel attaquant dans ses rangs, dont le duo avec M\u2019Bapp\u00e9 est tr\u00e8s attendu.<\/p>\n\n\n\n<p>Par \u00a0nouvelobs.com<\/p>\n","protected":false},"excerpt":{"rendered":"<p>L\u2019attaquant du Real Madrid figure, contre toute attente, dans la liste des 26 Bleus annonc\u00e9e ce mardi par Didier Deschamps pour l\u2019Euro. Un retour surprise, dont l\u2019hypoth\u00e8se enflait depuis lundi. Cinq ans apr\u00e8s sa derni\u00e8re s\u00e9lection contre l\u2019Arm\u00e9nie en 2015, Karim Benzema fait partie des 26 joueurs convoqu\u00e9s pour l\u2019Euro 2021, a annonc\u00e9 Didier Deschamps, &hellip;<\/p>\n<p class=\"read-more\"> <a class=\"\" href=\"https:\/\/7culture.ci\/index.php\/2021\/05\/18\/euro-2021-deschamps-rappelle-benzema\/\"> <span class=\"screen-reader-text\">EURO 2021: DESCHAMPS RAPPELLE BENZEMA<\/span> Lire la suite\u00a0\u00bb<\/a><\/p>\n","protected":false},"author":4,"featured_media":10694,"comment_status":"open","ping_status":"closed","sticky":false,"template":"","format":"standard","meta":{"_mi_skip_tracking":false,"_monsterinsights_sitenote_active":false,"_monsterinsights_sitenote_note":"","_monsterinsights_sitenote_category":0,"site-sidebar-layout":"default","site-content-layout":"default","ast-global-header-display":"","ast-main-header-display":"","ast-hfb-above-header-display":"","ast-hfb-below-header-display":"","ast-hfb-mobile-header-display":"","site-post-title":"","ast-breadcrumbs-content":"","ast-featured-img":"","footer-sml-layout":"","theme-transparent-header-meta":"","adv-header-id-meta":"","stick-header-meta":"","header-above-stick-meta":"","header-main-stick-meta":"","header-below-stick-meta":"","footnotes":"","jetpack_publicize_message":"","jetpack_is_tweetstorm":false,"jetpack_publicize_feature_enabled":true},"categories":[22],"tags":[],"jetpack_publicize_connections":[],"acf":[],"aioseo_notices":[],"yoast_head":"<!-- This site is optimized with the Yoast SEO plugin v19.6.1 - https:\/\/yoast.com\/wordpress\/plugins\/seo\/ -->\n<title>EURO 2021: DESCHAMPS RAPPELLE BENZEMA - 7culture<\/title>\n<meta name=\"robots\" content=\"index, follow, max-snippet:-1, max-image-preview:large, max-video-preview:-1\" \/>\n<link rel=\"canonical\" href=\"https:\/\/7culture.ci\/index.php\/2021\/05\/18\/euro-2021-deschamps-rappelle-benzema\/\" \/>\n<meta property=\"og:locale\" content=\"fr_FR\" \/>\n<meta property=\"og:type\" content=\"article\" \/>\n<meta property=\"og:title\" content=\"EURO 2021: DESCHAMPS RAPPELLE BENZEMA - 7culture\" \/>\n<meta property=\"og:description\" content=\"L\u2019attaquant du Real Madrid figure, contre toute attente, dans la liste des 26 Bleus annonc\u00e9e ce mardi par Didier Deschamps pour l\u2019Euro. Un retour surprise, dont l\u2019hypoth\u00e8se enflait depuis lundi. Cinq ans apr\u00e8s sa derni\u00e8re s\u00e9lection contre l\u2019Arm\u00e9nie en 2015, Karim Benzema fait partie des 26 joueurs convoqu\u00e9s pour l\u2019Euro 2021, a annonc\u00e9 Didier Deschamps, &hellip; EURO 2021: DESCHAMPS RAPPELLE BENZEMA Lire la suite\u00a0\u00bb\" \/>\n<meta property=\"og:url\" content=\"https:\/\/7culture.ci\/index.php\/2021\/05\/18\/euro-2021-deschamps-rappelle-benzema\/\" \/>\n<meta property=\"og:site_name\" content=\"7culture\" \/>\n<meta property=\"article:publisher\" content=\"https:\/\/www.facebook.com\/redchefclaude\" \/>\n<meta property=\"article:published_time\" content=\"2021-05-18T18:52:43+00:00\" \/>\n<meta name=\"author\" content=\"Waly Tani\" \/>\n<meta name=\"twitter:card\" content=\"summary_large_image\" \/>\n<meta name=\"twitter:creator\" content=\"@7culturec\" \/>\n<meta name=\"twitter:site\" content=\"@7culturec\" \/>\n<meta name=\"twitter:label1\" content=\"\u00c9crit par\" \/>\n\t<meta name=\"twitter:data1\" content=\"Waly Tani\" \/>\n\t<meta name=\"twitter:label2\" content=\"Dur\u00e9e de lecture estim\u00e9e\" \/>\n\t<meta name=\"twitter:data2\" content=\"2 minutes\" \/>\n<script type=\"application\/ld+json\" class=\"yoast-schema-graph\">{\"@context\":\"https:\/\/schema.org\",\"@graph\":[{\"@type\":\"Article\",\"@id\":\"https:\/\/7culture.ci\/index.php\/2021\/05\/18\/euro-2021-deschamps-rappelle-benzema\/#article\",\"isPartOf\":{\"@id\":\"https:\/\/7culture.ci\/index.php\/2021\/05\/18\/euro-2021-deschamps-rappelle-benzema\/\"},\"author\":{\"name\":\"Waly Tani\",\"@id\":\"https:\/\/7culture.ci\/#\/schema\/person\/ac6600b76b439b1d2b8a3b734da1a17b\"},\"headline\":\"EURO 2021: DESCHAMPS RAPPELLE BENZEMA\",\"datePublished\":\"2021-05-18T18:52:43+00:00\",\"dateModified\":\"2021-05-18T18:52:43+00:00\",\"mainEntityOfPage\":{\"@id\":\"https:\/\/7culture.ci\/index.php\/2021\/05\/18\/euro-2021-deschamps-rappelle-benzema\/\"},\"wordCount\":332,\"commentCount\":0,\"publisher\":{\"@id\":\"https:\/\/7culture.ci\/#organization\"},\"articleSection\":[\"Actualit\u00e9\"],\"inLanguage\":\"fr-FR\",\"potentialAction\":[{\"@type\":\"CommentAction\",\"name\":\"Comment\",\"target\":[\"https:\/\/7culture.ci\/index.php\/2021\/05\/18\/euro-2021-deschamps-rappelle-benzema\/#respond\"]}]},{\"@type\":\"WebPage\",\"@id\":\"https:\/\/7culture.ci\/index.php\/2021\/05\/18\/euro-2021-deschamps-rappelle-benzema\/\",\"url\":\"https:\/\/7culture.ci\/index.php\/2021\/05\/18\/euro-2021-deschamps-rappelle-benzema\/\",\"name\":\"EURO 2021: DESCHAMPS RAPPELLE BENZEMA - 7culture\",\"isPartOf\":{\"@id\":\"https:\/\/7culture.ci\/#website\"},\"datePublished\":\"2021-05-18T18:52:43+00:00\",\"dateModified\":\"2021-05-18T18:52:43+00:00\",\"breadcrumb\":{\"@id\":\"https:\/\/7culture.ci\/index.php\/2021\/05\/18\/euro-2021-deschamps-rappelle-benzema\/#breadcrumb\"},\"inLanguage\":\"fr-FR\",\"potentialAction\":[{\"@type\":\"ReadAction\",\"target\":[\"https:\/\/7culture.ci\/index.php\/2021\/05\/18\/euro-2021-deschamps-rappelle-benzema\/\"]}]},{\"@type\":\"BreadcrumbList\",\"@id\":\"https:\/\/7culture.ci\/index.php\/2021\/05\/18\/euro-2021-deschamps-rappelle-benzema\/#breadcrumb\",\"itemListElement\":[{\"@type\":\"ListItem\",\"position\":1,\"name\":\"Accueil\",\"item\":\"https:\/\/7culture.ci\/\"},{\"@type\":\"ListItem\",\"position\":2,\"name\":\"EURO 2021: DESCHAMPS RAPPELLE BENZEMA\"}]},{\"@type\":\"WebSite\",\"@id\":\"https:\/\/7culture.ci\/#website\",\"url\":\"https:\/\/7culture.ci\/\",\"name\":\"7culture\",\"description\":\"Tout sur l&#039;actualit\u00e9\",\"publisher\":{\"@id\":\"https:\/\/7culture.ci\/#organization\"},\"potentialAction\":[{\"@type\":\"SearchAction\",\"target\":{\"@type\":\"EntryPoint\",\"urlTemplate\":\"https:\/\/7culture.ci\/?s={search_term_string}\"},\"query-input\":\"required name=search_term_string\"}],\"inLanguage\":\"fr-FR\"},{\"@type\":\"Organization\",\"@id\":\"https:\/\/7culture.ci\/#organization\",\"name\":\"7culture\",\"url\":\"https:\/\/7culture.ci\/\",\"sameAs\":[\"https:\/\/www.facebook.com\/redchefclaude\",\"https:\/\/twitter.com\/7culturec\"],\"logo\":{\"@type\":\"ImageObject\",\"inLanguage\":\"fr-FR\",\"@id\":\"https:\/\/7culture.ci\/#\/schema\/logo\/image\/\",\"url\":\"https:\/\/7culture.ci\/wp-content\/uploads\/2021\/12\/S1a-1.png\",\"contentUrl\":\"https:\/\/7culture.ci\/wp-content\/uploads\/2021\/12\/S1a-1.png\",\"width\":588,\"height\":192,\"caption\":\"7culture\"},\"image\":{\"@id\":\"https:\/\/7culture.ci\/#\/schema\/logo\/image\/\"}},{\"@type\":\"Person\",\"@id\":\"https:\/\/7culture.ci\/#\/schema\/person\/ac6600b76b439b1d2b8a3b734da1a17b\",\"name\":\"Waly Tani\",\"image\":{\"@type\":\"ImageObject\",\"inLanguage\":\"fr-FR\",\"@id\":\"https:\/\/7culture.ci\/#\/schema\/person\/image\/\",\"url\":\"https:\/\/secure.gravatar.com\/avatar\/f4ffa85bd7cfe6e4376efc1fd606cdb7?s=96&d=mm&r=g\",\"contentUrl\":\"https:\/\/secure.gravatar.com\/avatar\/f4ffa85bd7cfe6e4376efc1fd606cdb7?s=96&d=mm&r=g\",\"caption\":\"Waly Tani\"},\"url\":\"https:\/\/7culture.ci\/index.php\/author\/waly-tani\/\"}]}<\/script>\n<!-- \/ Yoast SEO plugin. -->","yoast_head_json":{"title":"EURO 2021: DESCHAMPS RAPPELLE BENZEMA - 7culture","robots":{"index":"index","follow":"follow","max-snippet":"max-snippet:-1","max-image-preview":"max-image-preview:large","max-video-preview":"max-video-preview:-1"},"canonical":"https:\/\/7culture.ci\/index.php\/2021\/05\/18\/euro-2021-deschamps-rappelle-benzema\/","og_locale":"fr_FR","og_type":"article","og_title":"EURO 2021: DESCHAMPS RAPPELLE BENZEMA - 7culture","og_description":"L\u2019attaquant du Real Madrid figure, contre toute attente, dans la liste des 26 Bleus annonc\u00e9e ce mardi par Didier Deschamps pour l\u2019Euro. Un retour surprise, dont l\u2019hypoth\u00e8se enflait depuis lundi. Cinq ans apr\u00e8s sa derni\u00e8re s\u00e9lection contre l\u2019Arm\u00e9nie en 2015, Karim Benzema fait partie des 26 joueurs convoqu\u00e9s pour l\u2019Euro 2021, a annonc\u00e9 Didier Deschamps, &hellip; EURO 2021: DESCHAMPS RAPPELLE BENZEMA Lire la suite\u00a0\u00bb","og_url":"https:\/\/7culture.ci\/index.php\/2021\/05\/18\/euro-2021-deschamps-rappelle-benzema\/","og_site_name":"7culture","article_publisher":"https:\/\/www.facebook.com\/redchefclaude","article_published_time":"2021-05-18T18:52:43+00:00","author":"Waly Tani","twitter_card":"summary_large_image","twitter_creator":"@7culturec","twitter_site":"@7culturec","twitter_misc":{"\u00c9crit par":"Waly Tani","Dur\u00e9e de lecture estim\u00e9e":"2 minutes"},"schema":{"@context":"https:\/\/schema.org","@graph":[{"@type":"Article","@id":"https:\/\/7culture.ci\/index.php\/2021\/05\/18\/euro-2021-deschamps-rappelle-benzema\/#article","isPartOf":{"@id":"https:\/\/7culture.ci\/index.php\/2021\/05\/18\/euro-2021-deschamps-rappelle-benzema\/"},"author":{"name":"Waly Tani","@id":"https:\/\/7culture.ci\/#\/schema\/person\/ac6600b76b439b1d2b8a3b734da1a17b"},"headline":"EURO 2021: DESCHAMPS RAPPELLE BENZEMA","datePublished":"2021-05-18T18:52:43+00:00","dateModified":"2021-05-18T18:52:43+00:00","mainEntityOfPage":{"@id":"https:\/\/7culture.ci\/index.php\/2021\/05\/18\/euro-2021-deschamps-rappelle-benzema\/"},"wordCount":332,"commentCount":0,"publisher":{"@id":"https:\/\/7culture.ci\/#organization"},"articleSection":["Actualit\u00e9"],"inLanguage":"fr-FR","potentialAction":[{"@type":"CommentAction","name":"Comment","target":["https:\/\/7culture.ci\/index.php\/2021\/05\/18\/euro-2021-deschamps-rappelle-benzema\/#respond"]}]},{"@type":"WebPage","@id":"https:\/\/7culture.ci\/index.php\/2021\/05\/18\/euro-2021-deschamps-rappelle-benzema\/","url":"https:\/\/7culture.ci\/index.php\/2021\/05\/18\/euro-2021-deschamps-rappelle-benzema\/","name":"EURO 2021: DESCHAMPS RAPPELLE BENZEMA - 7culture","isPartOf":{"@id":"https:\/\/7culture.ci\/#website"},"datePublished":"2021-05-18T18:52:43+00:00","dateModified":"2021-05-18T18:52:43+00:00","breadcrumb":{"@id":"https:\/\/7culture.ci\/index.php\/2021\/05\/18\/euro-2021-deschamps-rappelle-benzema\/#breadcrumb"},"inLanguage":"fr-FR","potentialAction":[{"@type":"ReadAction","target":["https:\/\/7culture.ci\/index.php\/2021\/05\/18\/euro-2021-deschamps-rappelle-benzema\/"]}]},{"@type":"BreadcrumbList","@id":"https:\/\/7culture.ci\/index.php\/2021\/05\/18\/euro-2021-deschamps-rappelle-benzema\/#breadcrumb","itemListElement":[{"@type":"ListItem","position":1,"name":"Accueil","item":"https:\/\/7culture.ci\/"},{"@type":"ListItem","position":2,"name":"EURO 2021: DESCHAMPS RAPPELLE BENZEMA"}]},{"@type":"WebSite","@id":"https:\/\/7culture.ci\/#website","url":"https:\/\/7culture.ci\/","name":"7culture","description":"Tout sur l&#039;actualit\u00e9","publisher":{"@id":"https:\/\/7culture.ci\/#organization"},"potentialAction":[{"@type":"SearchAction","target":{"@type":"EntryPoint","urlTemplate":"https:\/\/7culture.ci\/?s={search_term_string}"},"query-input":"required name=search_term_string"}],"inLanguage":"fr-FR"},{"@type":"Organization","@id":"https:\/\/7culture.ci\/#organization","name":"7culture","url":"https:\/\/7culture.ci\/","sameAs":["https:\/\/www.facebook.com\/redchefclaude","https:\/\/twitter.com\/7culturec"],"logo":{"@type":"ImageObject","inLanguage":"fr-FR","@id":"https:\/\/7culture.ci\/#\/schema\/logo\/image\/","url":"https:\/\/7culture.ci\/wp-content\/uploads\/2021\/12\/S1a-1.png","contentUrl":"https:\/\/7culture.ci\/wp-content\/uploads\/2021\/12\/S1a-1.png","width":588,"height":192,"caption":"7culture"},"image":{"@id":"https:\/\/7culture.ci\/#\/schema\/logo\/image\/"}},{"@type":"Person","@id":"https:\/\/7culture.ci\/#\/schema\/person\/ac6600b76b439b1d2b8a3b734da1a17b","name":"Waly Tani","image":{"@type":"ImageObject","inLanguage":"fr-FR","@id":"https:\/\/7culture.ci\/#\/schema\/person\/image\/","url":"https:\/\/secure.gravatar.com\/avatar\/f4ffa85bd7cfe6e4376efc1fd606cdb7?s=96&d=mm&r=g","contentUrl":"https:\/\/secure.gravatar.com\/avatar\/f4ffa85bd7cfe6e4376efc1fd606cdb7?s=96&d=mm&r=g","caption":"Waly Tani"},"url":"https:\/\/7culture.ci\/index.php\/author\/waly-tani\/"}]}},"jetpack_featured_media_url":"","jetpack_likes_enabled":true,"jetpack_sharing_enabled":true,"_links":{"self":[{"href":"https:\/\/7culture.ci\/index.php\/wp-json\/wp\/v2\/posts\/10692"}],"collection":[{"href":"https:\/\/7culture.ci\/index.php\/wp-json\/wp\/v2\/posts"}],"about":[{"href":"https:\/\/7culture.ci\/index.php\/wp-json\/wp\/v2\/types\/post"}],"author":[{"embeddable":true,"href":"https:\/\/7culture.ci\/index.php\/wp-json\/wp\/v2\/users\/4"}],"replies":[{"embeddable":true,"href":"https:\/\/7culture.ci\/index.php\/wp-json\/wp\/v2\/comments?post=10692"}],"version-history":[{"count":0,"href":"https:\/\/7culture.ci\/index.php\/wp-json\/wp\/v2\/posts\/10692\/revisions"}],"wp:featuredmedia":[{"embeddable":true,"href":"https:\/\/7culture.ci\/index.php\/wp-json\/"}],"wp:attachment":[{"href":"https:\/\/7culture.ci\/index.php\/wp-json\/wp\/v2\/media?parent=10692"}],"wp:term":[{"taxonomy":"category","embeddable":true,"href":"https:\/\/7culture.ci\/index.php\/wp-json\/wp\/v2\/categories?post=10692"},{"taxonomy":"post_tag","embeddable":true,"href":"https:\/\/7culture.ci\/index.php\/wp-json\/wp\/v2\/tags?post=10692"}],"curies":[{"name":"wp","href":"https:\/\/api.w.org\/{rel}","templated":true}]}}