{"id":10657,"date":"2021-05-15T16:34:36","date_gmt":"2021-05-15T16:34:36","guid":{"rendered":"https:\/\/7culture.ci\/index.php\/2021\/05\/15\/festival-des-arts-et-cultures-bhete-le-gbagbade-festival-presente-aux-populations-du-fromager\/"},"modified":"2021-05-15T16:34:36","modified_gmt":"2021-05-15T16:34:36","slug":"festival-des-arts-et-cultures-bhete-le-gbagbade-festival-presente-aux-populations-du-fromager","status":"publish","type":"post","link":"https:\/\/7culture.ci\/index.php\/2021\/05\/15\/festival-des-arts-et-cultures-bhete-le-gbagbade-festival-presente-aux-populations-du-fromager\/","title":{"rendered":"FESTIVAL DES ARTS ET CULTURES BH\u00c9T\u00c9 : LE GBAGBAD\u00ca FESTIVAL PRESENT\u00c9 AUX POPULATIONS DU FROMAGER!"},"content":{"rendered":"\n<p><strong><em>Annonc\u00e9 r\u00e9cemment, le Gbabad\u00ea Festival a \u00e9t\u00e9 officiellement pr\u00e9sent\u00e9 aux populations de Gagnoa. C\u2019\u00e9tait lors de la c\u00e9r\u00e9monie de lancement qui a eu lieu ce samedi 15 mai dans un r\u00e9ceptif h\u00f4telier de la ville en pr\u00e9sence des autorit\u00e9s politiques, administratives et coutumi\u00e8res de la r\u00e9gion du G\u00f4h<\/em><\/strong>.<\/p>\n\n\n\n<p>Les initiateurs et partenaires du Gbagbad\u00ea Festival de Gagnoa peuvent avoir le sourire. Et pour cause, les populations de Gagnoa, premiers destinataires du festival, ont adh\u00e9r\u00e9 \u00e0 l\u2019id\u00e9e de ce rendez-vous de la c\u00e9l\u00e9bration de la culture B\u00e9th\u00e9 qui aura lieu du 26 au 28 ao\u00fbt prochain sous le Fromager. L\u2019adh\u00e9sion des populations a \u00e9t\u00e9 manifest\u00e9e par l\u2019engagement, aux c\u00f4t\u00e9s des initiateurs, du maire Issouf Diabat\u00e9, du conseil g\u00e9n\u00e9ral pr\u00e9sid\u00e9 par Joachim Dj\u00e9dj\u00e9 Bagnon, des cadres et de chefs coutumiers. Sans oublier la forte d\u00e9l\u00e9gation de la <strong>Fondation Kani, La belle<\/strong> qui a manifest\u00e9 tout son soutien \u00e0 ce festival.<\/p>\n\n\n\n<figure class=\\\"wp-block-image size-large\\\"><img src=\\\"http:\/\/7culture.ci\/fbf\/uploads\/2020\/07\/Lancement-Gbagbad\u00e8-2.jpg\\\" alt=\\\"\\\" class=\\\"wp-image-10648\\\"\/><\/figure>\n\n\n\n<p>Selon les intervenants \u00e0 cette c\u00e9r\u00e9monie de lancement, notamment les initiateurs que sont Pascale Z\u00e9ga et Aly Kon\u00e9, <strong><em>Gbagbad\u00ea Festival<\/em><\/strong> se veut un \u00e9v\u00e8nement typiquement traditionnel. De par sa tenue, les organisateurs veulent rendre hommage \u00e0 cette riche culture tout en faisant la promotion de ses us et coutumes. C\u2019est aussi un \u00e9v\u00e9nement touristique national et international qui attend cr\u00e9er un espace de loisirs et de divertissement, offrir un cadre de promotion aux op\u00e9rateurs \u00e9conomiques. L\u2019\u00e9v\u00e8nement va revaloriser et promouvoir la culture du peuple Bh\u00e9t\u00e9 et contribuer \u00e0 la promotion du riche patrimoine traditionnel et culturel du centre-ouest de la C\u00f4te d\u2019Ivoire.<\/p>\n\n\n\n<figure class=\\\"wp-block-image size-large\\\"><img src=\\\"http:\/\/7culture.ci\/fbf\/uploads\/2020\/07\/Lancement-Gbagbad\u00e8-3.jpg\\\" alt=\\\"\\\" class=\\\"wp-image-10649\\\"\/><\/figure>\n","protected":false},"excerpt":{"rendered":"<p>Annonc\u00e9 r\u00e9cemment, le Gbabad\u00ea Festival a \u00e9t\u00e9 officiellement pr\u00e9sent\u00e9 aux populations de Gagnoa. C\u2019\u00e9tait lors de la c\u00e9r\u00e9monie de lancement qui a eu lieu ce samedi 15 mai dans un r\u00e9ceptif h\u00f4telier de la ville en pr\u00e9sence des autorit\u00e9s politiques, administratives et coutumi\u00e8res de la r\u00e9gion du G\u00f4h. Les initiateurs et partenaires du Gbagbad\u00ea Festival &hellip;<\/p>\n<p class=\"read-more\"> <a class=\"\" href=\"https:\/\/7culture.ci\/index.php\/2021\/05\/15\/festival-des-arts-et-cultures-bhete-le-gbagbade-festival-presente-aux-populations-du-fromager\/\"> <span class=\"screen-reader-text\">FESTIVAL DES ARTS ET CULTURES BH\u00c9T\u00c9 : LE GBAGBAD\u00ca FESTIVAL PRESENT\u00c9 AUX POPULATIONS DU FROMAGER!<\/span> Lire la suite\u00a0\u00bb<\/a><\/p>\n","protected":false},"author":2,"featured_media":10660,"comment_status":"open","ping_status":"closed","sticky":false,"template":"","format":"standard","meta":{"_mi_skip_tracking":false,"_monsterinsights_sitenote_active":false,"_monsterinsights_sitenote_note":"","_monsterinsights_sitenote_category":0,"site-sidebar-layout":"default","site-content-layout":"default","ast-global-header-display":"","ast-main-header-display":"","ast-hfb-above-header-display":"","ast-hfb-below-header-display":"","ast-hfb-mobile-header-display":"","site-post-title":"","ast-breadcrumbs-content":"","ast-featured-img":"","footer-sml-layout":"","theme-transparent-header-meta":"","adv-header-id-meta":"","stick-header-meta":"","header-above-stick-meta":"","header-main-stick-meta":"","header-below-stick-meta":"","footnotes":"","jetpack_publicize_message":"","jetpack_is_tweetstorm":false,"jetpack_publicize_feature_enabled":true},"categories":[22],"tags":[],"jetpack_publicize_connections":[],"acf":[],"aioseo_notices":[],"yoast_head":"<!-- This site is optimized with the Yoast SEO plugin v19.6.1 - https:\/\/yoast.com\/wordpress\/plugins\/seo\/ -->\n<title>FESTIVAL DES ARTS ET CULTURES BH\u00c9T\u00c9 : LE GBAGBAD\u00ca FESTIVAL PRESENT\u00c9 AUX POPULATIONS DU FROMAGER! - 7culture<\/title>\n<meta name=\"robots\" content=\"index, follow, max-snippet:-1, max-image-preview:large, max-video-preview:-1\" \/>\n<link rel=\"canonical\" href=\"https:\/\/7culture.ci\/index.php\/2021\/05\/15\/festival-des-arts-et-cultures-bhete-le-gbagbade-festival-presente-aux-populations-du-fromager\/\" \/>\n<meta property=\"og:locale\" content=\"fr_FR\" \/>\n<meta property=\"og:type\" content=\"article\" \/>\n<meta property=\"og:title\" content=\"FESTIVAL DES ARTS ET CULTURES BH\u00c9T\u00c9 : LE GBAGBAD\u00ca FESTIVAL PRESENT\u00c9 AUX POPULATIONS DU FROMAGER! - 7culture\" \/>\n<meta property=\"og:description\" content=\"Annonc\u00e9 r\u00e9cemment, le Gbabad\u00ea Festival a \u00e9t\u00e9 officiellement pr\u00e9sent\u00e9 aux populations de Gagnoa. C\u2019\u00e9tait lors de la c\u00e9r\u00e9monie de lancement qui a eu lieu ce samedi 15 mai dans un r\u00e9ceptif h\u00f4telier de la ville en pr\u00e9sence des autorit\u00e9s politiques, administratives et coutumi\u00e8res de la r\u00e9gion du G\u00f4h. Les initiateurs et partenaires du Gbagbad\u00ea Festival &hellip; FESTIVAL DES ARTS ET CULTURES BH\u00c9T\u00c9 : LE GBAGBAD\u00ca FESTIVAL PRESENT\u00c9 AUX POPULATIONS DU FROMAGER! Lire la suite\u00a0\u00bb\" \/>\n<meta property=\"og:url\" content=\"https:\/\/7culture.ci\/index.php\/2021\/05\/15\/festival-des-arts-et-cultures-bhete-le-gbagbade-festival-presente-aux-populations-du-fromager\/\" \/>\n<meta property=\"og:site_name\" content=\"7culture\" \/>\n<meta property=\"article:publisher\" content=\"https:\/\/www.facebook.com\/redchefclaude\" \/>\n<meta property=\"article:published_time\" content=\"2021-05-15T16:34:36+00:00\" \/>\n<meta name=\"author\" content=\"Claude Kipre\" \/>\n<meta name=\"twitter:card\" content=\"summary_large_image\" \/>\n<meta name=\"twitter:creator\" content=\"@7culturec\" \/>\n<meta name=\"twitter:site\" content=\"@7culturec\" \/>\n<meta name=\"twitter:label1\" content=\"\u00c9crit par\" \/>\n\t<meta name=\"twitter:data1\" content=\"Claude Kipre\" \/>\n\t<meta name=\"twitter:label2\" content=\"Dur\u00e9e de lecture estim\u00e9e\" \/>\n\t<meta name=\"twitter:data2\" content=\"1 minute\" \/>\n<script type=\"application\/ld+json\" class=\"yoast-schema-graph\">{\"@context\":\"https:\/\/schema.org\",\"@graph\":[{\"@type\":\"Article\",\"@id\":\"https:\/\/7culture.ci\/index.php\/2021\/05\/15\/festival-des-arts-et-cultures-bhete-le-gbagbade-festival-presente-aux-populations-du-fromager\/#article\",\"isPartOf\":{\"@id\":\"https:\/\/7culture.ci\/index.php\/2021\/05\/15\/festival-des-arts-et-cultures-bhete-le-gbagbade-festival-presente-aux-populations-du-fromager\/\"},\"author\":{\"name\":\"Claude Kipre\",\"@id\":\"https:\/\/7culture.ci\/#\/schema\/person\/64b5687ef9752cd031e11e98f4fd60b6\"},\"headline\":\"FESTIVAL DES ARTS ET CULTURES BH\u00c9T\u00c9 : LE GBAGBAD\u00ca FESTIVAL PRESENT\u00c9 AUX POPULATIONS DU FROMAGER!\",\"datePublished\":\"2021-05-15T16:34:36+00:00\",\"dateModified\":\"2021-05-15T16:34:36+00:00\",\"mainEntityOfPage\":{\"@id\":\"https:\/\/7culture.ci\/index.php\/2021\/05\/15\/festival-des-arts-et-cultures-bhete-le-gbagbade-festival-presente-aux-populations-du-fromager\/\"},\"wordCount\":301,\"commentCount\":0,\"publisher\":{\"@id\":\"https:\/\/7culture.ci\/#organization\"},\"articleSection\":[\"Actualit\u00e9\"],\"inLanguage\":\"fr-FR\",\"potentialAction\":[{\"@type\":\"CommentAction\",\"name\":\"Comment\",\"target\":[\"https:\/\/7culture.ci\/index.php\/2021\/05\/15\/festival-des-arts-et-cultures-bhete-le-gbagbade-festival-presente-aux-populations-du-fromager\/#respond\"]}]},{\"@type\":\"WebPage\",\"@id\":\"https:\/\/7culture.ci\/index.php\/2021\/05\/15\/festival-des-arts-et-cultures-bhete-le-gbagbade-festival-presente-aux-populations-du-fromager\/\",\"url\":\"https:\/\/7culture.ci\/index.php\/2021\/05\/15\/festival-des-arts-et-cultures-bhete-le-gbagbade-festival-presente-aux-populations-du-fromager\/\",\"name\":\"FESTIVAL DES ARTS ET CULTURES BH\u00c9T\u00c9 : LE GBAGBAD\u00ca FESTIVAL PRESENT\u00c9 AUX POPULATIONS DU FROMAGER! - 7culture\",\"isPartOf\":{\"@id\":\"https:\/\/7culture.ci\/#website\"},\"datePublished\":\"2021-05-15T16:34:36+00:00\",\"dateModified\":\"2021-05-15T16:34:36+00:00\",\"breadcrumb\":{\"@id\":\"https:\/\/7culture.ci\/index.php\/2021\/05\/15\/festival-des-arts-et-cultures-bhete-le-gbagbade-festival-presente-aux-populations-du-fromager\/#breadcrumb\"},\"inLanguage\":\"fr-FR\",\"potentialAction\":[{\"@type\":\"ReadAction\",\"target\":[\"https:\/\/7culture.ci\/index.php\/2021\/05\/15\/festival-des-arts-et-cultures-bhete-le-gbagbade-festival-presente-aux-populations-du-fromager\/\"]}]},{\"@type\":\"BreadcrumbList\",\"@id\":\"https:\/\/7culture.ci\/index.php\/2021\/05\/15\/festival-des-arts-et-cultures-bhete-le-gbagbade-festival-presente-aux-populations-du-fromager\/#breadcrumb\",\"itemListElement\":[{\"@type\":\"ListItem\",\"position\":1,\"name\":\"Accueil\",\"item\":\"https:\/\/7culture.ci\/\"},{\"@type\":\"ListItem\",\"position\":2,\"name\":\"FESTIVAL DES ARTS ET CULTURES BH\u00c9T\u00c9 : LE GBAGBAD\u00ca FESTIVAL PRESENT\u00c9 AUX POPULATIONS DU FROMAGER!\"}]},{\"@type\":\"WebSite\",\"@id\":\"https:\/\/7culture.ci\/#website\",\"url\":\"https:\/\/7culture.ci\/\",\"name\":\"7culture\",\"description\":\"Tout sur l&#039;actualit\u00e9\",\"publisher\":{\"@id\":\"https:\/\/7culture.ci\/#organization\"},\"potentialAction\":[{\"@type\":\"SearchAction\",\"target\":{\"@type\":\"EntryPoint\",\"urlTemplate\":\"https:\/\/7culture.ci\/?s={search_term_string}\"},\"query-input\":\"required name=search_term_string\"}],\"inLanguage\":\"fr-FR\"},{\"@type\":\"Organization\",\"@id\":\"https:\/\/7culture.ci\/#organization\",\"name\":\"7culture\",\"url\":\"https:\/\/7culture.ci\/\",\"sameAs\":[\"https:\/\/www.facebook.com\/redchefclaude\",\"https:\/\/twitter.com\/7culturec\"],\"logo\":{\"@type\":\"ImageObject\",\"inLanguage\":\"fr-FR\",\"@id\":\"https:\/\/7culture.ci\/#\/schema\/logo\/image\/\",\"url\":\"https:\/\/7culture.ci\/wp-content\/uploads\/2021\/12\/S1a-1.png\",\"contentUrl\":\"https:\/\/7culture.ci\/wp-content\/uploads\/2021\/12\/S1a-1.png\",\"width\":588,\"height\":192,\"caption\":\"7culture\"},\"image\":{\"@id\":\"https:\/\/7culture.ci\/#\/schema\/logo\/image\/\"}},{\"@type\":\"Person\",\"@id\":\"https:\/\/7culture.ci\/#\/schema\/person\/64b5687ef9752cd031e11e98f4fd60b6\",\"name\":\"Claude Kipre\",\"image\":{\"@type\":\"ImageObject\",\"inLanguage\":\"fr-FR\",\"@id\":\"https:\/\/7culture.ci\/#\/schema\/person\/image\/\",\"url\":\"https:\/\/secure.gravatar.com\/avatar\/60e5007626848549b0d9b2ad9c53c9e8?s=96&d=mm&r=g\",\"contentUrl\":\"https:\/\/secure.gravatar.com\/avatar\/60e5007626848549b0d9b2ad9c53c9e8?s=96&d=mm&r=g\",\"caption\":\"Claude Kipre\"},\"url\":\"https:\/\/7culture.ci\/index.php\/author\/claude-kipre\/\"}]}<\/script>\n<!-- \/ Yoast SEO plugin. -->","yoast_head_json":{"title":"FESTIVAL DES ARTS ET CULTURES BH\u00c9T\u00c9 : LE GBAGBAD\u00ca FESTIVAL PRESENT\u00c9 AUX POPULATIONS DU FROMAGER! - 7culture","robots":{"index":"index","follow":"follow","max-snippet":"max-snippet:-1","max-image-preview":"max-image-preview:large","max-video-preview":"max-video-preview:-1"},"canonical":"https:\/\/7culture.ci\/index.php\/2021\/05\/15\/festival-des-arts-et-cultures-bhete-le-gbagbade-festival-presente-aux-populations-du-fromager\/","og_locale":"fr_FR","og_type":"article","og_title":"FESTIVAL DES ARTS ET CULTURES BH\u00c9T\u00c9 : LE GBAGBAD\u00ca FESTIVAL PRESENT\u00c9 AUX POPULATIONS DU FROMAGER! - 7culture","og_description":"Annonc\u00e9 r\u00e9cemment, le Gbabad\u00ea Festival a \u00e9t\u00e9 officiellement pr\u00e9sent\u00e9 aux populations de Gagnoa. C\u2019\u00e9tait lors de la c\u00e9r\u00e9monie de lancement qui a eu lieu ce samedi 15 mai dans un r\u00e9ceptif h\u00f4telier de la ville en pr\u00e9sence des autorit\u00e9s politiques, administratives et coutumi\u00e8res de la r\u00e9gion du G\u00f4h. Les initiateurs et partenaires du Gbagbad\u00ea Festival &hellip; FESTIVAL DES ARTS ET CULTURES BH\u00c9T\u00c9 : LE GBAGBAD\u00ca FESTIVAL PRESENT\u00c9 AUX POPULATIONS DU FROMAGER! Lire la suite\u00a0\u00bb","og_url":"https:\/\/7culture.ci\/index.php\/2021\/05\/15\/festival-des-arts-et-cultures-bhete-le-gbagbade-festival-presente-aux-populations-du-fromager\/","og_site_name":"7culture","article_publisher":"https:\/\/www.facebook.com\/redchefclaude","article_published_time":"2021-05-15T16:34:36+00:00","author":"Claude Kipre","twitter_card":"summary_large_image","twitter_creator":"@7culturec","twitter_site":"@7culturec","twitter_misc":{"\u00c9crit par":"Claude Kipre","Dur\u00e9e de lecture estim\u00e9e":"1 minute"},"schema":{"@context":"https:\/\/schema.org","@graph":[{"@type":"Article","@id":"https:\/\/7culture.ci\/index.php\/2021\/05\/15\/festival-des-arts-et-cultures-bhete-le-gbagbade-festival-presente-aux-populations-du-fromager\/#article","isPartOf":{"@id":"https:\/\/7culture.ci\/index.php\/2021\/05\/15\/festival-des-arts-et-cultures-bhete-le-gbagbade-festival-presente-aux-populations-du-fromager\/"},"author":{"name":"Claude Kipre","@id":"https:\/\/7culture.ci\/#\/schema\/person\/64b5687ef9752cd031e11e98f4fd60b6"},"headline":"FESTIVAL DES ARTS ET CULTURES BH\u00c9T\u00c9 : LE GBAGBAD\u00ca FESTIVAL PRESENT\u00c9 AUX POPULATIONS DU FROMAGER!","datePublished":"2021-05-15T16:34:36+00:00","dateModified":"2021-05-15T16:34:36+00:00","mainEntityOfPage":{"@id":"https:\/\/7culture.ci\/index.php\/2021\/05\/15\/festival-des-arts-et-cultures-bhete-le-gbagbade-festival-presente-aux-populations-du-fromager\/"},"wordCount":301,"commentCount":0,"publisher":{"@id":"https:\/\/7culture.ci\/#organization"},"articleSection":["Actualit\u00e9"],"inLanguage":"fr-FR","potentialAction":[{"@type":"CommentAction","name":"Comment","target":["https:\/\/7culture.ci\/index.php\/2021\/05\/15\/festival-des-arts-et-cultures-bhete-le-gbagbade-festival-presente-aux-populations-du-fromager\/#respond"]}]},{"@type":"WebPage","@id":"https:\/\/7culture.ci\/index.php\/2021\/05\/15\/festival-des-arts-et-cultures-bhete-le-gbagbade-festival-presente-aux-populations-du-fromager\/","url":"https:\/\/7culture.ci\/index.php\/2021\/05\/15\/festival-des-arts-et-cultures-bhete-le-gbagbade-festival-presente-aux-populations-du-fromager\/","name":"FESTIVAL DES ARTS ET CULTURES BH\u00c9T\u00c9 : LE GBAGBAD\u00ca FESTIVAL PRESENT\u00c9 AUX POPULATIONS DU FROMAGER! - 7culture","isPartOf":{"@id":"https:\/\/7culture.ci\/#website"},"datePublished":"2021-05-15T16:34:36+00:00","dateModified":"2021-05-15T16:34:36+00:00","breadcrumb":{"@id":"https:\/\/7culture.ci\/index.php\/2021\/05\/15\/festival-des-arts-et-cultures-bhete-le-gbagbade-festival-presente-aux-populations-du-fromager\/#breadcrumb"},"inLanguage":"fr-FR","potentialAction":[{"@type":"ReadAction","target":["https:\/\/7culture.ci\/index.php\/2021\/05\/15\/festival-des-arts-et-cultures-bhete-le-gbagbade-festival-presente-aux-populations-du-fromager\/"]}]},{"@type":"BreadcrumbList","@id":"https:\/\/7culture.ci\/index.php\/2021\/05\/15\/festival-des-arts-et-cultures-bhete-le-gbagbade-festival-presente-aux-populations-du-fromager\/#breadcrumb","itemListElement":[{"@type":"ListItem","position":1,"name":"Accueil","item":"https:\/\/7culture.ci\/"},{"@type":"ListItem","position":2,"name":"FESTIVAL DES ARTS ET CULTURES BH\u00c9T\u00c9 : LE GBAGBAD\u00ca FESTIVAL PRESENT\u00c9 AUX POPULATIONS DU FROMAGER!"}]},{"@type":"WebSite","@id":"https:\/\/7culture.ci\/#website","url":"https:\/\/7culture.ci\/","name":"7culture","description":"Tout sur l&#039;actualit\u00e9","publisher":{"@id":"https:\/\/7culture.ci\/#organization"},"potentialAction":[{"@type":"SearchAction","target":{"@type":"EntryPoint","urlTemplate":"https:\/\/7culture.ci\/?s={search_term_string}"},"query-input":"required name=search_term_string"}],"inLanguage":"fr-FR"},{"@type":"Organization","@id":"https:\/\/7culture.ci\/#organization","name":"7culture","url":"https:\/\/7culture.ci\/","sameAs":["https:\/\/www.facebook.com\/redchefclaude","https:\/\/twitter.com\/7culturec"],"logo":{"@type":"ImageObject","inLanguage":"fr-FR","@id":"https:\/\/7culture.ci\/#\/schema\/logo\/image\/","url":"https:\/\/7culture.ci\/wp-content\/uploads\/2021\/12\/S1a-1.png","contentUrl":"https:\/\/7culture.ci\/wp-content\/uploads\/2021\/12\/S1a-1.png","width":588,"height":192,"caption":"7culture"},"image":{"@id":"https:\/\/7culture.ci\/#\/schema\/logo\/image\/"}},{"@type":"Person","@id":"https:\/\/7culture.ci\/#\/schema\/person\/64b5687ef9752cd031e11e98f4fd60b6","name":"Claude Kipre","image":{"@type":"ImageObject","inLanguage":"fr-FR","@id":"https:\/\/7culture.ci\/#\/schema\/person\/image\/","url":"https:\/\/secure.gravatar.com\/avatar\/60e5007626848549b0d9b2ad9c53c9e8?s=96&d=mm&r=g","contentUrl":"https:\/\/secure.gravatar.com\/avatar\/60e5007626848549b0d9b2ad9c53c9e8?s=96&d=mm&r=g","caption":"Claude Kipre"},"url":"https:\/\/7culture.ci\/index.php\/author\/claude-kipre\/"}]}},"jetpack_featured_media_url":"","jetpack_likes_enabled":true,"jetpack_sharing_enabled":true,"_links":{"self":[{"href":"https:\/\/7culture.ci\/index.php\/wp-json\/wp\/v2\/posts\/10657"}],"collection":[{"href":"https:\/\/7culture.ci\/index.php\/wp-json\/wp\/v2\/posts"}],"about":[{"href":"https:\/\/7culture.ci\/index.php\/wp-json\/wp\/v2\/types\/post"}],"author":[{"embeddable":true,"href":"https:\/\/7culture.ci\/index.php\/wp-json\/wp\/v2\/users\/2"}],"replies":[{"embeddable":true,"href":"https:\/\/7culture.ci\/index.php\/wp-json\/wp\/v2\/comments?post=10657"}],"version-history":[{"count":0,"href":"https:\/\/7culture.ci\/index.php\/wp-json\/wp\/v2\/posts\/10657\/revisions"}],"wp:featuredmedia":[{"embeddable":true,"href":"https:\/\/7culture.ci\/index.php\/wp-json\/"}],"wp:attachment":[{"href":"https:\/\/7culture.ci\/index.php\/wp-json\/wp\/v2\/media?parent=10657"}],"wp:term":[{"taxonomy":"category","embeddable":true,"href":"https:\/\/7culture.ci\/index.php\/wp-json\/wp\/v2\/categories?post=10657"},{"taxonomy":"post_tag","embeddable":true,"href":"https:\/\/7culture.ci\/index.php\/wp-json\/wp\/v2\/tags?post=10657"}],"curies":[{"name":"wp","href":"https:\/\/api.w.org\/{rel}","templated":true}]}}