{"id":10635,"date":"2021-05-11T17:32:36","date_gmt":"2021-05-11T17:32:36","guid":{"rendered":"https:\/\/7culture.ci\/index.php\/2021\/05\/11\/cote-ouest-audiovisuel-bientot-rachete\/"},"modified":"2021-05-11T17:32:36","modified_gmt":"2021-05-11T17:32:36","slug":"cote-ouest-audiovisuel-bientot-rachete","status":"publish","type":"post","link":"https:\/\/7culture.ci\/index.php\/2021\/05\/11\/cote-ouest-audiovisuel-bientot-rachete\/","title":{"rendered":"C\u00d4TE OUEST AUDIOVISUEL, BIENT\u00d4T RACHET\u00c9 ?"},"content":{"rendered":"\n<p>La soci\u00e9t\u00e9 leader de production et de distribution de contenus audiovisuels en Afrique \u2018\u2019C\u00d4TE OUEST\u2019\u2019, bas\u00e9e en Abidjan en C\u00f4te d\u2019Ivoire, serait sur le point d\u2019\u00eatre rachet\u00e9e par&nbsp; le groupe fran\u00e7ais \u2018\u2019Mediawan\u2019\u2019.<\/p>\n\n\n\n<p>C\u2019est ce que r\u00e9v\u00e8lent certains sp\u00e9cialistes des m\u00e9dias. Selon eux, Xavier Niel, Matthieu Pigasse et Pierre-Antoine Capton, fondateurs de \u2018\u2019Mediawan\u2019\u2019, tentent d\u2019acqu\u00e9rir un acteur important dans la production de contenu en Afrique. Et le groupe C\u00f4te Ouest serait dans leur viseur.<\/p>\n\n\n\n<div class=\\\"wp-block-image\\\"><figure class=\\\"aligncenter size-large is-resized\\\"><img src=\\\"http:\/\/7culture.ci\/fbf\/uploads\/2020\/07\/33902513_1683424228377521_993102288304209920_n-1024x683.jpg\\\" alt=\\\"\\\" class=\\\"wp-image-10637\\\" width=\\\"619\\\" height=\\\"411\\\"\/><\/figure><\/div>\n\n\n\n<p>Depuis plusieurs semaines, certaines sources annoncent que des n\u00e9gociations sont engag\u00e9es entre les diff\u00e9rentes parties et semblent \u00eatre en bonne voie. D\u00e8s la semaine prochaine, C\u00f4te Ouest C\u00f4te Ouest audiovisuel tomberait dans l\u2019escarcelle de Mediawan, avancent des observateurs.<\/p>\n\n\n\n<div class=\\\"wp-block-image\\\"><figure class=\\\"aligncenter size-large is-resized\\\"><img src=\\\"http:\/\/7culture.ci\/fbf\/uploads\/2020\/07\/Mediawan4.png\\\" alt=\\\"\\\" class=\\\"wp-image-10638\\\" width=\\\"644\\\" height=\\\"359\\\"\/><\/figure><\/div>\n\n\n\n<p><strong>Adams T<\/strong><\/p>\n","protected":false},"excerpt":{"rendered":"<p>La soci\u00e9t\u00e9 leader de production et de distribution de contenus audiovisuels en Afrique \u2018\u2019C\u00d4TE OUEST\u2019\u2019, bas\u00e9e en Abidjan en C\u00f4te d\u2019Ivoire, serait sur le point d\u2019\u00eatre rachet\u00e9e par&nbsp; le groupe fran\u00e7ais \u2018\u2019Mediawan\u2019\u2019. C\u2019est ce que r\u00e9v\u00e8lent certains sp\u00e9cialistes des m\u00e9dias. Selon eux, Xavier Niel, Matthieu Pigasse et Pierre-Antoine Capton, fondateurs de \u2018\u2019Mediawan\u2019\u2019, tentent d\u2019acqu\u00e9rir un &hellip;<\/p>\n<p class=\"read-more\"> <a class=\"\" href=\"https:\/\/7culture.ci\/index.php\/2021\/05\/11\/cote-ouest-audiovisuel-bientot-rachete\/\"> <span class=\"screen-reader-text\">C\u00d4TE OUEST AUDIOVISUEL, BIENT\u00d4T RACHET\u00c9 ?<\/span> Lire la suite\u00a0\u00bb<\/a><\/p>\n","protected":false},"author":4,"featured_media":10636,"comment_status":"open","ping_status":"closed","sticky":false,"template":"","format":"standard","meta":{"_mi_skip_tracking":false,"_monsterinsights_sitenote_active":false,"_monsterinsights_sitenote_note":"","_monsterinsights_sitenote_category":0,"site-sidebar-layout":"default","site-content-layout":"default","ast-global-header-display":"","ast-main-header-display":"","ast-hfb-above-header-display":"","ast-hfb-below-header-display":"","ast-hfb-mobile-header-display":"","site-post-title":"","ast-breadcrumbs-content":"","ast-featured-img":"","footer-sml-layout":"","theme-transparent-header-meta":"","adv-header-id-meta":"","stick-header-meta":"","header-above-stick-meta":"","header-main-stick-meta":"","header-below-stick-meta":"","footnotes":"","jetpack_publicize_message":"","jetpack_is_tweetstorm":false,"jetpack_publicize_feature_enabled":true},"categories":[33],"tags":[],"jetpack_publicize_connections":[],"acf":[],"aioseo_notices":[],"yoast_head":"<!-- This site is optimized with the Yoast SEO plugin v19.6.1 - https:\/\/yoast.com\/wordpress\/plugins\/seo\/ -->\n<title>C\u00d4TE OUEST AUDIOVISUEL, BIENT\u00d4T RACHET\u00c9 ? - 7culture<\/title>\n<meta name=\"robots\" content=\"index, follow, max-snippet:-1, max-image-preview:large, max-video-preview:-1\" \/>\n<link rel=\"canonical\" href=\"https:\/\/7culture.ci\/index.php\/2021\/05\/11\/cote-ouest-audiovisuel-bientot-rachete\/\" \/>\n<meta property=\"og:locale\" content=\"fr_FR\" \/>\n<meta property=\"og:type\" content=\"article\" \/>\n<meta property=\"og:title\" content=\"C\u00d4TE OUEST AUDIOVISUEL, BIENT\u00d4T RACHET\u00c9 ? - 7culture\" \/>\n<meta property=\"og:description\" content=\"La soci\u00e9t\u00e9 leader de production et de distribution de contenus audiovisuels en Afrique \u2018\u2019C\u00d4TE OUEST\u2019\u2019, bas\u00e9e en Abidjan en C\u00f4te d\u2019Ivoire, serait sur le point d\u2019\u00eatre rachet\u00e9e par&nbsp; le groupe fran\u00e7ais \u2018\u2019Mediawan\u2019\u2019. C\u2019est ce que r\u00e9v\u00e8lent certains sp\u00e9cialistes des m\u00e9dias. Selon eux, Xavier Niel, Matthieu Pigasse et Pierre-Antoine Capton, fondateurs de \u2018\u2019Mediawan\u2019\u2019, tentent d\u2019acqu\u00e9rir un &hellip; C\u00d4TE OUEST AUDIOVISUEL, BIENT\u00d4T RACHET\u00c9 ? Lire la suite\u00a0\u00bb\" \/>\n<meta property=\"og:url\" content=\"https:\/\/7culture.ci\/index.php\/2021\/05\/11\/cote-ouest-audiovisuel-bientot-rachete\/\" \/>\n<meta property=\"og:site_name\" content=\"7culture\" \/>\n<meta property=\"article:publisher\" content=\"https:\/\/www.facebook.com\/redchefclaude\" \/>\n<meta property=\"article:published_time\" content=\"2021-05-11T17:32:36+00:00\" \/>\n<meta name=\"author\" content=\"Waly Tani\" \/>\n<meta name=\"twitter:card\" content=\"summary_large_image\" \/>\n<meta name=\"twitter:creator\" content=\"@7culturec\" \/>\n<meta name=\"twitter:site\" content=\"@7culturec\" \/>\n<meta name=\"twitter:label1\" content=\"\u00c9crit par\" \/>\n\t<meta name=\"twitter:data1\" content=\"Waly Tani\" \/>\n\t<meta name=\"twitter:label2\" content=\"Dur\u00e9e de lecture estim\u00e9e\" \/>\n\t<meta name=\"twitter:data2\" content=\"1 minute\" \/>\n<script type=\"application\/ld+json\" class=\"yoast-schema-graph\">{\"@context\":\"https:\/\/schema.org\",\"@graph\":[{\"@type\":\"Article\",\"@id\":\"https:\/\/7culture.ci\/index.php\/2021\/05\/11\/cote-ouest-audiovisuel-bientot-rachete\/#article\",\"isPartOf\":{\"@id\":\"https:\/\/7culture.ci\/index.php\/2021\/05\/11\/cote-ouest-audiovisuel-bientot-rachete\/\"},\"author\":{\"name\":\"Waly Tani\",\"@id\":\"https:\/\/7culture.ci\/#\/schema\/person\/ac6600b76b439b1d2b8a3b734da1a17b\"},\"headline\":\"C\u00d4TE OUEST AUDIOVISUEL, BIENT\u00d4T RACHET\u00c9 ?\",\"datePublished\":\"2021-05-11T17:32:36+00:00\",\"dateModified\":\"2021-05-11T17:32:36+00:00\",\"mainEntityOfPage\":{\"@id\":\"https:\/\/7culture.ci\/index.php\/2021\/05\/11\/cote-ouest-audiovisuel-bientot-rachete\/\"},\"wordCount\":144,\"commentCount\":0,\"publisher\":{\"@id\":\"https:\/\/7culture.ci\/#organization\"},\"articleSection\":[\"M\u00e9dia\"],\"inLanguage\":\"fr-FR\",\"potentialAction\":[{\"@type\":\"CommentAction\",\"name\":\"Comment\",\"target\":[\"https:\/\/7culture.ci\/index.php\/2021\/05\/11\/cote-ouest-audiovisuel-bientot-rachete\/#respond\"]}]},{\"@type\":\"WebPage\",\"@id\":\"https:\/\/7culture.ci\/index.php\/2021\/05\/11\/cote-ouest-audiovisuel-bientot-rachete\/\",\"url\":\"https:\/\/7culture.ci\/index.php\/2021\/05\/11\/cote-ouest-audiovisuel-bientot-rachete\/\",\"name\":\"C\u00d4TE OUEST AUDIOVISUEL, BIENT\u00d4T RACHET\u00c9 ? - 7culture\",\"isPartOf\":{\"@id\":\"https:\/\/7culture.ci\/#website\"},\"datePublished\":\"2021-05-11T17:32:36+00:00\",\"dateModified\":\"2021-05-11T17:32:36+00:00\",\"breadcrumb\":{\"@id\":\"https:\/\/7culture.ci\/index.php\/2021\/05\/11\/cote-ouest-audiovisuel-bientot-rachete\/#breadcrumb\"},\"inLanguage\":\"fr-FR\",\"potentialAction\":[{\"@type\":\"ReadAction\",\"target\":[\"https:\/\/7culture.ci\/index.php\/2021\/05\/11\/cote-ouest-audiovisuel-bientot-rachete\/\"]}]},{\"@type\":\"BreadcrumbList\",\"@id\":\"https:\/\/7culture.ci\/index.php\/2021\/05\/11\/cote-ouest-audiovisuel-bientot-rachete\/#breadcrumb\",\"itemListElement\":[{\"@type\":\"ListItem\",\"position\":1,\"name\":\"Accueil\",\"item\":\"https:\/\/7culture.ci\/\"},{\"@type\":\"ListItem\",\"position\":2,\"name\":\"C\u00d4TE OUEST AUDIOVISUEL, BIENT\u00d4T RACHET\u00c9 ?\"}]},{\"@type\":\"WebSite\",\"@id\":\"https:\/\/7culture.ci\/#website\",\"url\":\"https:\/\/7culture.ci\/\",\"name\":\"7culture\",\"description\":\"Tout sur l&#039;actualit\u00e9\",\"publisher\":{\"@id\":\"https:\/\/7culture.ci\/#organization\"},\"potentialAction\":[{\"@type\":\"SearchAction\",\"target\":{\"@type\":\"EntryPoint\",\"urlTemplate\":\"https:\/\/7culture.ci\/?s={search_term_string}\"},\"query-input\":\"required name=search_term_string\"}],\"inLanguage\":\"fr-FR\"},{\"@type\":\"Organization\",\"@id\":\"https:\/\/7culture.ci\/#organization\",\"name\":\"7culture\",\"url\":\"https:\/\/7culture.ci\/\",\"sameAs\":[\"https:\/\/www.facebook.com\/redchefclaude\",\"https:\/\/twitter.com\/7culturec\"],\"logo\":{\"@type\":\"ImageObject\",\"inLanguage\":\"fr-FR\",\"@id\":\"https:\/\/7culture.ci\/#\/schema\/logo\/image\/\",\"url\":\"https:\/\/7culture.ci\/wp-content\/uploads\/2021\/12\/S1a-1.png\",\"contentUrl\":\"https:\/\/7culture.ci\/wp-content\/uploads\/2021\/12\/S1a-1.png\",\"width\":588,\"height\":192,\"caption\":\"7culture\"},\"image\":{\"@id\":\"https:\/\/7culture.ci\/#\/schema\/logo\/image\/\"}},{\"@type\":\"Person\",\"@id\":\"https:\/\/7culture.ci\/#\/schema\/person\/ac6600b76b439b1d2b8a3b734da1a17b\",\"name\":\"Waly Tani\",\"image\":{\"@type\":\"ImageObject\",\"inLanguage\":\"fr-FR\",\"@id\":\"https:\/\/7culture.ci\/#\/schema\/person\/image\/\",\"url\":\"https:\/\/secure.gravatar.com\/avatar\/f4ffa85bd7cfe6e4376efc1fd606cdb7?s=96&d=mm&r=g\",\"contentUrl\":\"https:\/\/secure.gravatar.com\/avatar\/f4ffa85bd7cfe6e4376efc1fd606cdb7?s=96&d=mm&r=g\",\"caption\":\"Waly Tani\"},\"url\":\"https:\/\/7culture.ci\/index.php\/author\/waly-tani\/\"}]}<\/script>\n<!-- \/ Yoast SEO plugin. -->","yoast_head_json":{"title":"C\u00d4TE OUEST AUDIOVISUEL, BIENT\u00d4T RACHET\u00c9 ? - 7culture","robots":{"index":"index","follow":"follow","max-snippet":"max-snippet:-1","max-image-preview":"max-image-preview:large","max-video-preview":"max-video-preview:-1"},"canonical":"https:\/\/7culture.ci\/index.php\/2021\/05\/11\/cote-ouest-audiovisuel-bientot-rachete\/","og_locale":"fr_FR","og_type":"article","og_title":"C\u00d4TE OUEST AUDIOVISUEL, BIENT\u00d4T RACHET\u00c9 ? - 7culture","og_description":"La soci\u00e9t\u00e9 leader de production et de distribution de contenus audiovisuels en Afrique \u2018\u2019C\u00d4TE OUEST\u2019\u2019, bas\u00e9e en Abidjan en C\u00f4te d\u2019Ivoire, serait sur le point d\u2019\u00eatre rachet\u00e9e par&nbsp; le groupe fran\u00e7ais \u2018\u2019Mediawan\u2019\u2019. C\u2019est ce que r\u00e9v\u00e8lent certains sp\u00e9cialistes des m\u00e9dias. Selon eux, Xavier Niel, Matthieu Pigasse et Pierre-Antoine Capton, fondateurs de \u2018\u2019Mediawan\u2019\u2019, tentent d\u2019acqu\u00e9rir un &hellip; C\u00d4TE OUEST AUDIOVISUEL, BIENT\u00d4T RACHET\u00c9 ? Lire la suite\u00a0\u00bb","og_url":"https:\/\/7culture.ci\/index.php\/2021\/05\/11\/cote-ouest-audiovisuel-bientot-rachete\/","og_site_name":"7culture","article_publisher":"https:\/\/www.facebook.com\/redchefclaude","article_published_time":"2021-05-11T17:32:36+00:00","author":"Waly Tani","twitter_card":"summary_large_image","twitter_creator":"@7culturec","twitter_site":"@7culturec","twitter_misc":{"\u00c9crit par":"Waly Tani","Dur\u00e9e de lecture estim\u00e9e":"1 minute"},"schema":{"@context":"https:\/\/schema.org","@graph":[{"@type":"Article","@id":"https:\/\/7culture.ci\/index.php\/2021\/05\/11\/cote-ouest-audiovisuel-bientot-rachete\/#article","isPartOf":{"@id":"https:\/\/7culture.ci\/index.php\/2021\/05\/11\/cote-ouest-audiovisuel-bientot-rachete\/"},"author":{"name":"Waly Tani","@id":"https:\/\/7culture.ci\/#\/schema\/person\/ac6600b76b439b1d2b8a3b734da1a17b"},"headline":"C\u00d4TE OUEST AUDIOVISUEL, BIENT\u00d4T RACHET\u00c9 ?","datePublished":"2021-05-11T17:32:36+00:00","dateModified":"2021-05-11T17:32:36+00:00","mainEntityOfPage":{"@id":"https:\/\/7culture.ci\/index.php\/2021\/05\/11\/cote-ouest-audiovisuel-bientot-rachete\/"},"wordCount":144,"commentCount":0,"publisher":{"@id":"https:\/\/7culture.ci\/#organization"},"articleSection":["M\u00e9dia"],"inLanguage":"fr-FR","potentialAction":[{"@type":"CommentAction","name":"Comment","target":["https:\/\/7culture.ci\/index.php\/2021\/05\/11\/cote-ouest-audiovisuel-bientot-rachete\/#respond"]}]},{"@type":"WebPage","@id":"https:\/\/7culture.ci\/index.php\/2021\/05\/11\/cote-ouest-audiovisuel-bientot-rachete\/","url":"https:\/\/7culture.ci\/index.php\/2021\/05\/11\/cote-ouest-audiovisuel-bientot-rachete\/","name":"C\u00d4TE OUEST AUDIOVISUEL, BIENT\u00d4T RACHET\u00c9 ? - 7culture","isPartOf":{"@id":"https:\/\/7culture.ci\/#website"},"datePublished":"2021-05-11T17:32:36+00:00","dateModified":"2021-05-11T17:32:36+00:00","breadcrumb":{"@id":"https:\/\/7culture.ci\/index.php\/2021\/05\/11\/cote-ouest-audiovisuel-bientot-rachete\/#breadcrumb"},"inLanguage":"fr-FR","potentialAction":[{"@type":"ReadAction","target":["https:\/\/7culture.ci\/index.php\/2021\/05\/11\/cote-ouest-audiovisuel-bientot-rachete\/"]}]},{"@type":"BreadcrumbList","@id":"https:\/\/7culture.ci\/index.php\/2021\/05\/11\/cote-ouest-audiovisuel-bientot-rachete\/#breadcrumb","itemListElement":[{"@type":"ListItem","position":1,"name":"Accueil","item":"https:\/\/7culture.ci\/"},{"@type":"ListItem","position":2,"name":"C\u00d4TE OUEST AUDIOVISUEL, BIENT\u00d4T RACHET\u00c9 ?"}]},{"@type":"WebSite","@id":"https:\/\/7culture.ci\/#website","url":"https:\/\/7culture.ci\/","name":"7culture","description":"Tout sur l&#039;actualit\u00e9","publisher":{"@id":"https:\/\/7culture.ci\/#organization"},"potentialAction":[{"@type":"SearchAction","target":{"@type":"EntryPoint","urlTemplate":"https:\/\/7culture.ci\/?s={search_term_string}"},"query-input":"required name=search_term_string"}],"inLanguage":"fr-FR"},{"@type":"Organization","@id":"https:\/\/7culture.ci\/#organization","name":"7culture","url":"https:\/\/7culture.ci\/","sameAs":["https:\/\/www.facebook.com\/redchefclaude","https:\/\/twitter.com\/7culturec"],"logo":{"@type":"ImageObject","inLanguage":"fr-FR","@id":"https:\/\/7culture.ci\/#\/schema\/logo\/image\/","url":"https:\/\/7culture.ci\/wp-content\/uploads\/2021\/12\/S1a-1.png","contentUrl":"https:\/\/7culture.ci\/wp-content\/uploads\/2021\/12\/S1a-1.png","width":588,"height":192,"caption":"7culture"},"image":{"@id":"https:\/\/7culture.ci\/#\/schema\/logo\/image\/"}},{"@type":"Person","@id":"https:\/\/7culture.ci\/#\/schema\/person\/ac6600b76b439b1d2b8a3b734da1a17b","name":"Waly Tani","image":{"@type":"ImageObject","inLanguage":"fr-FR","@id":"https:\/\/7culture.ci\/#\/schema\/person\/image\/","url":"https:\/\/secure.gravatar.com\/avatar\/f4ffa85bd7cfe6e4376efc1fd606cdb7?s=96&d=mm&r=g","contentUrl":"https:\/\/secure.gravatar.com\/avatar\/f4ffa85bd7cfe6e4376efc1fd606cdb7?s=96&d=mm&r=g","caption":"Waly Tani"},"url":"https:\/\/7culture.ci\/index.php\/author\/waly-tani\/"}]}},"jetpack_featured_media_url":"","jetpack_likes_enabled":true,"jetpack_sharing_enabled":true,"_links":{"self":[{"href":"https:\/\/7culture.ci\/index.php\/wp-json\/wp\/v2\/posts\/10635"}],"collection":[{"href":"https:\/\/7culture.ci\/index.php\/wp-json\/wp\/v2\/posts"}],"about":[{"href":"https:\/\/7culture.ci\/index.php\/wp-json\/wp\/v2\/types\/post"}],"author":[{"embeddable":true,"href":"https:\/\/7culture.ci\/index.php\/wp-json\/wp\/v2\/users\/4"}],"replies":[{"embeddable":true,"href":"https:\/\/7culture.ci\/index.php\/wp-json\/wp\/v2\/comments?post=10635"}],"version-history":[{"count":0,"href":"https:\/\/7culture.ci\/index.php\/wp-json\/wp\/v2\/posts\/10635\/revisions"}],"wp:featuredmedia":[{"embeddable":true,"href":"https:\/\/7culture.ci\/index.php\/wp-json\/"}],"wp:attachment":[{"href":"https:\/\/7culture.ci\/index.php\/wp-json\/wp\/v2\/media?parent=10635"}],"wp:term":[{"taxonomy":"category","embeddable":true,"href":"https:\/\/7culture.ci\/index.php\/wp-json\/wp\/v2\/categories?post=10635"},{"taxonomy":"post_tag","embeddable":true,"href":"https:\/\/7culture.ci\/index.php\/wp-json\/wp\/v2\/tags?post=10635"}],"curies":[{"name":"wp","href":"https:\/\/api.w.org\/{rel}","templated":true}]}}