{"id":10398,"date":"2021-05-07T09:47:15","date_gmt":"2021-05-07T09:47:15","guid":{"rendered":"https:\/\/7culture.ci\/index.php\/2021\/05\/07\/media-lino-versace-promoteur-dune-radio-a-abidjan\/"},"modified":"2021-05-07T09:47:15","modified_gmt":"2021-05-07T09:47:15","slug":"media-lino-versace-promoteur-dune-radio-a-abidjan","status":"publish","type":"post","link":"https:\/\/7culture.ci\/index.php\/2021\/05\/07\/media-lino-versace-promoteur-dune-radio-a-abidjan\/","title":{"rendered":"M\u00c9DIA: LINO VERSACE, PROMOTEUR D\u2019UNE RADIO \u00c0 ABIDJAN !"},"content":{"rendered":"\n<p><strong><em>R\u00e9v\u00e9l\u00e9 au public avec l\u2019av\u00e8nement du couper-d\u00e9caler dont il fait partie des fondateurs, Lino Versace s\u2019investit aujourd\u2019hui de plus en plus dans les affaires. Il est l\u2019une des t\u00eates visibles d\u2019une nouvelle radio qui \u00e9mettra bient\u00f4t \u00e0 Abidjan. Bienvenue \u00e0 \u2018\u2019One Radio\u2019\u2019.<\/em><\/strong><\/p>\n\n\n\n<p>Le paysage radiophonique ivoirien va bient\u00f4t s\u2019enrichir d\u2019un nouveau nom. Il s\u2019agit de \u2018\u2019One Radio\u2019\u2019. L\u2019information a \u00e9t\u00e9 donn\u00e9e dans un communiqu\u00e9 de presse. Apr\u00e8s la d\u00e9cision n\u00b02021-002\/HACA, la Haute Autorit\u00e9 de la Communication Audiovisuel (HACA) a autoris\u00e9 la soci\u00e9t\u00e9 \u2018\u2019Com One M\u00e9dia\u2019\u2019, groupe \u00e0 capitaux priv\u00e9s, \u00e0 s\u2019installer en C\u00f4te d\u2019Ivoire. C\u2019est elle qui g\u00e8re la nouvelle radio urbaine de divertissement et d\u2019\u00e9ducation.<\/p>\n\n\n\n<p>Selon la note de presse, \u2018\u2019One radio\u2019\u2019 \u00e9mettra sur la bande FM 87.7 \u00e0 partir du Plateau, le quartier des affaires et centre de l\u2019administration publique ivoirienne. La nouvelle radio touchera des sujets divers qui tournent autour de la jeunesse ivoirienne et africaine.<\/p>\n\n\n\n<p>\u2018\u2019One radio\u2019\u2019 arrive avec un ambitieux projet radiophonique. Pilot\u00e9e comme mentionn\u00e9 plus haut par la soci\u00e9t\u00e9 de droits priv\u00e9s \u2018\u2019Com One M\u00e9dia\u2019\u2019, il y a cependant dans le projet un nom tr\u00e8s connu dans le paysage du show-biz ivoirien&nbsp;: Alain Yoro dit Lino Versace.<\/p>\n\n\n\n<div class=\\\"wp-block-image\\\"><figure class=\\\"aligncenter size-large\\\"><img src=\\\"http:\/\/7culture.ci\/fbf\/uploads\/2021\/05\/Lino-versace1.jpg\\\" alt=\\\"\\\" class=\\\"wp-image-10401\\\"\/><\/figure><\/div>\n\n\n\n<p>L\u2019ancien membre de la jet-set ivoirienne qui fait d\u00e9sormais bande \u00e0 part avec ses amis, est en association avec Tidjane Bila. C\u2019est eux les patrons de ce projet et ils sont accompagn\u00e9s dans l\u2019aventure de leurs partenaires. Ce sont Lo\u00efc Massok de la structure \\&#8221;ABO Invest\\&#8221; et Yassine Belattar, entrepreneur franco-marocain et homme des m\u00e9dias via son fonds pour le d\u00e9veloppement du m\u00e9dia dans plusieurs pays africains qui ont rejoint \\&#8221;Com One M\u00e9dia\u2019\u2019 dont le capital est de 50 millions de FCFA.<\/p>\n\n\n\n<p>Par Omar AK<\/p>\n\n\n\n<p><\/p>\n","protected":false},"excerpt":{"rendered":"<p>R\u00e9v\u00e9l\u00e9 au public avec l\u2019av\u00e8nement du couper-d\u00e9caler dont il fait partie des fondateurs, Lino Versace s\u2019investit aujourd\u2019hui de plus en plus dans les affaires. Il est l\u2019une des t\u00eates visibles d\u2019une nouvelle radio qui \u00e9mettra bient\u00f4t \u00e0 Abidjan. Bienvenue \u00e0 \u2018\u2019One Radio\u2019\u2019. Le paysage radiophonique ivoirien va bient\u00f4t s\u2019enrichir d\u2019un nouveau nom. Il s\u2019agit de &hellip;<\/p>\n<p class=\"read-more\"> <a class=\"\" href=\"https:\/\/7culture.ci\/index.php\/2021\/05\/07\/media-lino-versace-promoteur-dune-radio-a-abidjan\/\"> <span class=\"screen-reader-text\">M\u00c9DIA: LINO VERSACE, PROMOTEUR D\u2019UNE RADIO \u00c0 ABIDJAN !<\/span> Lire la suite\u00a0\u00bb<\/a><\/p>\n","protected":false},"author":4,"featured_media":10400,"comment_status":"open","ping_status":"closed","sticky":false,"template":"","format":"standard","meta":{"_mi_skip_tracking":false,"_monsterinsights_sitenote_active":false,"_monsterinsights_sitenote_note":"","_monsterinsights_sitenote_category":0,"site-sidebar-layout":"default","site-content-layout":"default","ast-global-header-display":"","ast-main-header-display":"","ast-hfb-above-header-display":"","ast-hfb-below-header-display":"","ast-hfb-mobile-header-display":"","site-post-title":"","ast-breadcrumbs-content":"","ast-featured-img":"","footer-sml-layout":"","theme-transparent-header-meta":"","adv-header-id-meta":"","stick-header-meta":"","header-above-stick-meta":"","header-main-stick-meta":"","header-below-stick-meta":"","footnotes":"","jetpack_publicize_message":"","jetpack_is_tweetstorm":false,"jetpack_publicize_feature_enabled":true},"categories":[33],"tags":[],"jetpack_publicize_connections":[],"acf":[],"aioseo_notices":[],"yoast_head":"<!-- This site is optimized with the Yoast SEO plugin v19.6.1 - https:\/\/yoast.com\/wordpress\/plugins\/seo\/ -->\n<title>M\u00c9DIA: LINO VERSACE, PROMOTEUR D\u2019UNE RADIO \u00c0 ABIDJAN ! - 7culture<\/title>\n<meta name=\"robots\" content=\"index, follow, max-snippet:-1, max-image-preview:large, max-video-preview:-1\" \/>\n<link rel=\"canonical\" href=\"https:\/\/7culture.ci\/index.php\/2021\/05\/07\/media-lino-versace-promoteur-dune-radio-a-abidjan\/\" \/>\n<meta property=\"og:locale\" content=\"fr_FR\" \/>\n<meta property=\"og:type\" content=\"article\" \/>\n<meta property=\"og:title\" content=\"M\u00c9DIA: LINO VERSACE, PROMOTEUR D\u2019UNE RADIO \u00c0 ABIDJAN ! - 7culture\" \/>\n<meta property=\"og:description\" content=\"R\u00e9v\u00e9l\u00e9 au public avec l\u2019av\u00e8nement du couper-d\u00e9caler dont il fait partie des fondateurs, Lino Versace s\u2019investit aujourd\u2019hui de plus en plus dans les affaires. Il est l\u2019une des t\u00eates visibles d\u2019une nouvelle radio qui \u00e9mettra bient\u00f4t \u00e0 Abidjan. Bienvenue \u00e0 \u2018\u2019One Radio\u2019\u2019. Le paysage radiophonique ivoirien va bient\u00f4t s\u2019enrichir d\u2019un nouveau nom. Il s\u2019agit de &hellip; M\u00c9DIA: LINO VERSACE, PROMOTEUR D\u2019UNE RADIO \u00c0 ABIDJAN ! Lire la suite\u00a0\u00bb\" \/>\n<meta property=\"og:url\" content=\"https:\/\/7culture.ci\/index.php\/2021\/05\/07\/media-lino-versace-promoteur-dune-radio-a-abidjan\/\" \/>\n<meta property=\"og:site_name\" content=\"7culture\" \/>\n<meta property=\"article:publisher\" content=\"https:\/\/www.facebook.com\/redchefclaude\" \/>\n<meta property=\"article:published_time\" content=\"2021-05-07T09:47:15+00:00\" \/>\n<meta name=\"author\" content=\"Waly Tani\" \/>\n<meta name=\"twitter:card\" content=\"summary_large_image\" \/>\n<meta name=\"twitter:creator\" content=\"@7culturec\" \/>\n<meta name=\"twitter:site\" content=\"@7culturec\" \/>\n<meta name=\"twitter:label1\" content=\"\u00c9crit par\" \/>\n\t<meta name=\"twitter:data1\" content=\"Waly Tani\" \/>\n\t<meta name=\"twitter:label2\" content=\"Dur\u00e9e de lecture estim\u00e9e\" \/>\n\t<meta name=\"twitter:data2\" content=\"2 minutes\" \/>\n<script type=\"application\/ld+json\" class=\"yoast-schema-graph\">{\"@context\":\"https:\/\/schema.org\",\"@graph\":[{\"@type\":\"Article\",\"@id\":\"https:\/\/7culture.ci\/index.php\/2021\/05\/07\/media-lino-versace-promoteur-dune-radio-a-abidjan\/#article\",\"isPartOf\":{\"@id\":\"https:\/\/7culture.ci\/index.php\/2021\/05\/07\/media-lino-versace-promoteur-dune-radio-a-abidjan\/\"},\"author\":{\"name\":\"Waly Tani\",\"@id\":\"https:\/\/7culture.ci\/#\/schema\/person\/ac6600b76b439b1d2b8a3b734da1a17b\"},\"headline\":\"M\u00c9DIA: LINO VERSACE, PROMOTEUR D\u2019UNE RADIO \u00c0 ABIDJAN !\",\"datePublished\":\"2021-05-07T09:47:15+00:00\",\"dateModified\":\"2021-05-07T09:47:15+00:00\",\"mainEntityOfPage\":{\"@id\":\"https:\/\/7culture.ci\/index.php\/2021\/05\/07\/media-lino-versace-promoteur-dune-radio-a-abidjan\/\"},\"wordCount\":326,\"commentCount\":0,\"publisher\":{\"@id\":\"https:\/\/7culture.ci\/#organization\"},\"articleSection\":[\"M\u00e9dia\"],\"inLanguage\":\"fr-FR\",\"potentialAction\":[{\"@type\":\"CommentAction\",\"name\":\"Comment\",\"target\":[\"https:\/\/7culture.ci\/index.php\/2021\/05\/07\/media-lino-versace-promoteur-dune-radio-a-abidjan\/#respond\"]}]},{\"@type\":\"WebPage\",\"@id\":\"https:\/\/7culture.ci\/index.php\/2021\/05\/07\/media-lino-versace-promoteur-dune-radio-a-abidjan\/\",\"url\":\"https:\/\/7culture.ci\/index.php\/2021\/05\/07\/media-lino-versace-promoteur-dune-radio-a-abidjan\/\",\"name\":\"M\u00c9DIA: LINO VERSACE, PROMOTEUR D\u2019UNE RADIO \u00c0 ABIDJAN ! - 7culture\",\"isPartOf\":{\"@id\":\"https:\/\/7culture.ci\/#website\"},\"datePublished\":\"2021-05-07T09:47:15+00:00\",\"dateModified\":\"2021-05-07T09:47:15+00:00\",\"breadcrumb\":{\"@id\":\"https:\/\/7culture.ci\/index.php\/2021\/05\/07\/media-lino-versace-promoteur-dune-radio-a-abidjan\/#breadcrumb\"},\"inLanguage\":\"fr-FR\",\"potentialAction\":[{\"@type\":\"ReadAction\",\"target\":[\"https:\/\/7culture.ci\/index.php\/2021\/05\/07\/media-lino-versace-promoteur-dune-radio-a-abidjan\/\"]}]},{\"@type\":\"BreadcrumbList\",\"@id\":\"https:\/\/7culture.ci\/index.php\/2021\/05\/07\/media-lino-versace-promoteur-dune-radio-a-abidjan\/#breadcrumb\",\"itemListElement\":[{\"@type\":\"ListItem\",\"position\":1,\"name\":\"Accueil\",\"item\":\"https:\/\/7culture.ci\/\"},{\"@type\":\"ListItem\",\"position\":2,\"name\":\"M\u00c9DIA: LINO VERSACE, PROMOTEUR D\u2019UNE RADIO \u00c0 ABIDJAN !\"}]},{\"@type\":\"WebSite\",\"@id\":\"https:\/\/7culture.ci\/#website\",\"url\":\"https:\/\/7culture.ci\/\",\"name\":\"7culture\",\"description\":\"Tout sur l&#039;actualit\u00e9\",\"publisher\":{\"@id\":\"https:\/\/7culture.ci\/#organization\"},\"potentialAction\":[{\"@type\":\"SearchAction\",\"target\":{\"@type\":\"EntryPoint\",\"urlTemplate\":\"https:\/\/7culture.ci\/?s={search_term_string}\"},\"query-input\":\"required name=search_term_string\"}],\"inLanguage\":\"fr-FR\"},{\"@type\":\"Organization\",\"@id\":\"https:\/\/7culture.ci\/#organization\",\"name\":\"7culture\",\"url\":\"https:\/\/7culture.ci\/\",\"sameAs\":[\"https:\/\/www.facebook.com\/redchefclaude\",\"https:\/\/twitter.com\/7culturec\"],\"logo\":{\"@type\":\"ImageObject\",\"inLanguage\":\"fr-FR\",\"@id\":\"https:\/\/7culture.ci\/#\/schema\/logo\/image\/\",\"url\":\"https:\/\/7culture.ci\/wp-content\/uploads\/2021\/12\/S1a-1.png\",\"contentUrl\":\"https:\/\/7culture.ci\/wp-content\/uploads\/2021\/12\/S1a-1.png\",\"width\":588,\"height\":192,\"caption\":\"7culture\"},\"image\":{\"@id\":\"https:\/\/7culture.ci\/#\/schema\/logo\/image\/\"}},{\"@type\":\"Person\",\"@id\":\"https:\/\/7culture.ci\/#\/schema\/person\/ac6600b76b439b1d2b8a3b734da1a17b\",\"name\":\"Waly Tani\",\"image\":{\"@type\":\"ImageObject\",\"inLanguage\":\"fr-FR\",\"@id\":\"https:\/\/7culture.ci\/#\/schema\/person\/image\/\",\"url\":\"https:\/\/secure.gravatar.com\/avatar\/f4ffa85bd7cfe6e4376efc1fd606cdb7?s=96&d=mm&r=g\",\"contentUrl\":\"https:\/\/secure.gravatar.com\/avatar\/f4ffa85bd7cfe6e4376efc1fd606cdb7?s=96&d=mm&r=g\",\"caption\":\"Waly Tani\"},\"url\":\"https:\/\/7culture.ci\/index.php\/author\/waly-tani\/\"}]}<\/script>\n<!-- \/ Yoast SEO plugin. -->","yoast_head_json":{"title":"M\u00c9DIA: LINO VERSACE, PROMOTEUR D\u2019UNE RADIO \u00c0 ABIDJAN ! - 7culture","robots":{"index":"index","follow":"follow","max-snippet":"max-snippet:-1","max-image-preview":"max-image-preview:large","max-video-preview":"max-video-preview:-1"},"canonical":"https:\/\/7culture.ci\/index.php\/2021\/05\/07\/media-lino-versace-promoteur-dune-radio-a-abidjan\/","og_locale":"fr_FR","og_type":"article","og_title":"M\u00c9DIA: LINO VERSACE, PROMOTEUR D\u2019UNE RADIO \u00c0 ABIDJAN ! - 7culture","og_description":"R\u00e9v\u00e9l\u00e9 au public avec l\u2019av\u00e8nement du couper-d\u00e9caler dont il fait partie des fondateurs, Lino Versace s\u2019investit aujourd\u2019hui de plus en plus dans les affaires. Il est l\u2019une des t\u00eates visibles d\u2019une nouvelle radio qui \u00e9mettra bient\u00f4t \u00e0 Abidjan. Bienvenue \u00e0 \u2018\u2019One Radio\u2019\u2019. Le paysage radiophonique ivoirien va bient\u00f4t s\u2019enrichir d\u2019un nouveau nom. Il s\u2019agit de &hellip; M\u00c9DIA: LINO VERSACE, PROMOTEUR D\u2019UNE RADIO \u00c0 ABIDJAN ! Lire la suite\u00a0\u00bb","og_url":"https:\/\/7culture.ci\/index.php\/2021\/05\/07\/media-lino-versace-promoteur-dune-radio-a-abidjan\/","og_site_name":"7culture","article_publisher":"https:\/\/www.facebook.com\/redchefclaude","article_published_time":"2021-05-07T09:47:15+00:00","author":"Waly Tani","twitter_card":"summary_large_image","twitter_creator":"@7culturec","twitter_site":"@7culturec","twitter_misc":{"\u00c9crit par":"Waly Tani","Dur\u00e9e de lecture estim\u00e9e":"2 minutes"},"schema":{"@context":"https:\/\/schema.org","@graph":[{"@type":"Article","@id":"https:\/\/7culture.ci\/index.php\/2021\/05\/07\/media-lino-versace-promoteur-dune-radio-a-abidjan\/#article","isPartOf":{"@id":"https:\/\/7culture.ci\/index.php\/2021\/05\/07\/media-lino-versace-promoteur-dune-radio-a-abidjan\/"},"author":{"name":"Waly Tani","@id":"https:\/\/7culture.ci\/#\/schema\/person\/ac6600b76b439b1d2b8a3b734da1a17b"},"headline":"M\u00c9DIA: LINO VERSACE, PROMOTEUR D\u2019UNE RADIO \u00c0 ABIDJAN !","datePublished":"2021-05-07T09:47:15+00:00","dateModified":"2021-05-07T09:47:15+00:00","mainEntityOfPage":{"@id":"https:\/\/7culture.ci\/index.php\/2021\/05\/07\/media-lino-versace-promoteur-dune-radio-a-abidjan\/"},"wordCount":326,"commentCount":0,"publisher":{"@id":"https:\/\/7culture.ci\/#organization"},"articleSection":["M\u00e9dia"],"inLanguage":"fr-FR","potentialAction":[{"@type":"CommentAction","name":"Comment","target":["https:\/\/7culture.ci\/index.php\/2021\/05\/07\/media-lino-versace-promoteur-dune-radio-a-abidjan\/#respond"]}]},{"@type":"WebPage","@id":"https:\/\/7culture.ci\/index.php\/2021\/05\/07\/media-lino-versace-promoteur-dune-radio-a-abidjan\/","url":"https:\/\/7culture.ci\/index.php\/2021\/05\/07\/media-lino-versace-promoteur-dune-radio-a-abidjan\/","name":"M\u00c9DIA: LINO VERSACE, PROMOTEUR D\u2019UNE RADIO \u00c0 ABIDJAN ! - 7culture","isPartOf":{"@id":"https:\/\/7culture.ci\/#website"},"datePublished":"2021-05-07T09:47:15+00:00","dateModified":"2021-05-07T09:47:15+00:00","breadcrumb":{"@id":"https:\/\/7culture.ci\/index.php\/2021\/05\/07\/media-lino-versace-promoteur-dune-radio-a-abidjan\/#breadcrumb"},"inLanguage":"fr-FR","potentialAction":[{"@type":"ReadAction","target":["https:\/\/7culture.ci\/index.php\/2021\/05\/07\/media-lino-versace-promoteur-dune-radio-a-abidjan\/"]}]},{"@type":"BreadcrumbList","@id":"https:\/\/7culture.ci\/index.php\/2021\/05\/07\/media-lino-versace-promoteur-dune-radio-a-abidjan\/#breadcrumb","itemListElement":[{"@type":"ListItem","position":1,"name":"Accueil","item":"https:\/\/7culture.ci\/"},{"@type":"ListItem","position":2,"name":"M\u00c9DIA: LINO VERSACE, PROMOTEUR D\u2019UNE RADIO \u00c0 ABIDJAN !"}]},{"@type":"WebSite","@id":"https:\/\/7culture.ci\/#website","url":"https:\/\/7culture.ci\/","name":"7culture","description":"Tout sur l&#039;actualit\u00e9","publisher":{"@id":"https:\/\/7culture.ci\/#organization"},"potentialAction":[{"@type":"SearchAction","target":{"@type":"EntryPoint","urlTemplate":"https:\/\/7culture.ci\/?s={search_term_string}"},"query-input":"required name=search_term_string"}],"inLanguage":"fr-FR"},{"@type":"Organization","@id":"https:\/\/7culture.ci\/#organization","name":"7culture","url":"https:\/\/7culture.ci\/","sameAs":["https:\/\/www.facebook.com\/redchefclaude","https:\/\/twitter.com\/7culturec"],"logo":{"@type":"ImageObject","inLanguage":"fr-FR","@id":"https:\/\/7culture.ci\/#\/schema\/logo\/image\/","url":"https:\/\/7culture.ci\/wp-content\/uploads\/2021\/12\/S1a-1.png","contentUrl":"https:\/\/7culture.ci\/wp-content\/uploads\/2021\/12\/S1a-1.png","width":588,"height":192,"caption":"7culture"},"image":{"@id":"https:\/\/7culture.ci\/#\/schema\/logo\/image\/"}},{"@type":"Person","@id":"https:\/\/7culture.ci\/#\/schema\/person\/ac6600b76b439b1d2b8a3b734da1a17b","name":"Waly Tani","image":{"@type":"ImageObject","inLanguage":"fr-FR","@id":"https:\/\/7culture.ci\/#\/schema\/person\/image\/","url":"https:\/\/secure.gravatar.com\/avatar\/f4ffa85bd7cfe6e4376efc1fd606cdb7?s=96&d=mm&r=g","contentUrl":"https:\/\/secure.gravatar.com\/avatar\/f4ffa85bd7cfe6e4376efc1fd606cdb7?s=96&d=mm&r=g","caption":"Waly Tani"},"url":"https:\/\/7culture.ci\/index.php\/author\/waly-tani\/"}]}},"jetpack_featured_media_url":"","jetpack_likes_enabled":true,"jetpack_sharing_enabled":true,"_links":{"self":[{"href":"https:\/\/7culture.ci\/index.php\/wp-json\/wp\/v2\/posts\/10398"}],"collection":[{"href":"https:\/\/7culture.ci\/index.php\/wp-json\/wp\/v2\/posts"}],"about":[{"href":"https:\/\/7culture.ci\/index.php\/wp-json\/wp\/v2\/types\/post"}],"author":[{"embeddable":true,"href":"https:\/\/7culture.ci\/index.php\/wp-json\/wp\/v2\/users\/4"}],"replies":[{"embeddable":true,"href":"https:\/\/7culture.ci\/index.php\/wp-json\/wp\/v2\/comments?post=10398"}],"version-history":[{"count":0,"href":"https:\/\/7culture.ci\/index.php\/wp-json\/wp\/v2\/posts\/10398\/revisions"}],"wp:featuredmedia":[{"embeddable":true,"href":"https:\/\/7culture.ci\/index.php\/wp-json\/"}],"wp:attachment":[{"href":"https:\/\/7culture.ci\/index.php\/wp-json\/wp\/v2\/media?parent=10398"}],"wp:term":[{"taxonomy":"category","embeddable":true,"href":"https:\/\/7culture.ci\/index.php\/wp-json\/wp\/v2\/categories?post=10398"},{"taxonomy":"post_tag","embeddable":true,"href":"https:\/\/7culture.ci\/index.php\/wp-json\/wp\/v2\/tags?post=10398"}],"curies":[{"name":"wp","href":"https:\/\/api.w.org\/{rel}","templated":true}]}}