{"id":10180,"date":"2021-04-30T17:35:18","date_gmt":"2021-04-30T17:35:18","guid":{"rendered":"https:\/\/7culture.ci\/index.php\/2021\/04\/30\/journee-internationale-du-jazz-10-ans-avec-angelique-kidjo-en-concert\/"},"modified":"2021-04-30T17:35:18","modified_gmt":"2021-04-30T17:35:18","slug":"journee-internationale-du-jazz-10-ans-avec-angelique-kidjo-en-concert","status":"publish","type":"post","link":"https:\/\/7culture.ci\/index.php\/2021\/04\/30\/journee-internationale-du-jazz-10-ans-avec-angelique-kidjo-en-concert\/","title":{"rendered":"JOURN\u00c9E INTERNATIONALE DU JAZZ : 10 ANS AVEC ANG\u00c9LIQUE KIDJO EN CONCERT !"},"content":{"rendered":"\n<p>Comme chaque ann\u00e9e, l\u2019organisation des Nations Unies pour l\u2019\u00e9ducation, la science et la culture (UNESCO) c\u00e9l\u00e8bre le 30 avril, la Journ\u00e9e internationale du jazz. Cette ann\u00e9e 2021 marque le 10e anniversaire de la c\u00e9l\u00e9bration de ce genre musical. Une prestation de la chanteuse b\u00e9ninoise Ang\u00e9lique Kidjo sera offerte au public ce soir. Ce sera lors du concert \u2018\u2019Mondial All-Star\u2019\u2019, diffus\u00e9 en direct sur YouTube et Facebook.<\/p>\n\n\n\n<p>Le spectacle enregistrera les performances d\u2019Ang\u00e9lique Kidjo, Herbie Hancock, Marcus Miller, Andra Day, Dee Dee Bridgewater, John McLaughlin, Dianne Reeves, Joe Lovano et de nombreux autres artistes, sous la direction musicale de John Beasley. En plus de ce concert, une s\u00e9rie de programmes \u00e9ducatifs et d\\&#8217;initiatives de sensibilisation de la communaut\u00e9 qui auront lieu dans plus de 190 pays.<\/p>\n\n\n\n<div class=\\\"wp-block-image\\\"><figure class=\\\"aligncenter size-large is-resized\\\"><img src=\\\"http:\/\/7culture.ci\/fbf\/uploads\/2020\/07\/San-1.png\\\" alt=\\\"\\\" class=\\\"wp-image-10175\\\" width=\\\"730\\\" height=\\\"389\\\"\/><\/figure><\/div>\n\n\n\n<p>Depuis son adoption par la Conf\u00e9rence g\u00e9n\u00e9rale de l\\&#8217;UNESCO en 2011, chaque ann\u00e9e, le 30 avril, des personnes du monde entier unissent leurs forces pour c\u00e9l\u00e9brer le jazz comme outil universel de promotion de la paix, du dialogue, de la diversit\u00e9 et du respect de la dignit\u00e9 humaine.<\/p>\n\n\n\n<p>La Journ\u00e9e internationale du jazz a connu un succ\u00e8s extraordinaire au cours de cette d\u00e9cennie, devenant la plus grande c\u00e9l\u00e9bration annuelle du jazz au monde. Il s\\&#8217;agit d\\&#8217;un mouvement mondial, qui mobilise chaque ann\u00e9e des populations sur tous les continents, par le biais de programmes \u00e9ducatifs, de spectacles, d\\&#8217;actions de proximit\u00e9 et de couverture m\u00e9diatique.<\/p>\n\n\n\n<figure class=\\\"wp-block-image size-large is-resized\\\"><img src=\\\"http:\/\/7culture.ci\/fbf\/uploads\/2020\/07\/audrey-azoulay-unesco-1024x576.jpg\\\" alt=\\\"\\\" class=\\\"wp-image-10177\\\" width=\\\"724\\\" height=\\\"407\\\"\/><\/figure>\n\n\n\n<p>La Journ\u00e9e internationale du jazz est pr\u00e9sid\u00e9e et dirig\u00e9e par Audrey Azoulay, Directrice g\u00e9n\u00e9rale de l\\&#8217;UNESCO et par le l\u00e9gendaire pianiste et compositeur de jazz Herbie Hancock, Ambassadeur de bonne volont\u00e9 de l\\&#8217;UNESCO et Pr\u00e9sident du Herbie Hancock Institute of Jazz, partenaire de l\\&#8217;UNESCO pour ces festivit\u00e9s.<\/p>\n\n\n\n<figure class=\\\"wp-block-image size-large\\\"><img src=\\\"http:\/\/7culture.ci\/fbf\/uploads\/2020\/07\/Sans-.png\\\" alt=\\\"\\\" class=\\\"wp-image-10174\\\"\/><\/figure>\n\n\n\n<p><strong>Adams T<\/strong><\/p>\n","protected":false},"excerpt":{"rendered":"<p>Comme chaque ann\u00e9e, l\u2019organisation des Nations Unies pour l\u2019\u00e9ducation, la science et la culture (UNESCO) c\u00e9l\u00e8bre le 30 avril, la Journ\u00e9e internationale du jazz. Cette ann\u00e9e 2021 marque le 10e anniversaire de la c\u00e9l\u00e9bration de ce genre musical. Une prestation de la chanteuse b\u00e9ninoise Ang\u00e9lique Kidjo sera offerte au public ce soir. Ce sera lors &hellip;<\/p>\n<p class=\"read-more\"> <a class=\"\" href=\"https:\/\/7culture.ci\/index.php\/2021\/04\/30\/journee-internationale-du-jazz-10-ans-avec-angelique-kidjo-en-concert\/\"> <span class=\"screen-reader-text\">JOURN\u00c9E INTERNATIONALE DU JAZZ : 10 ANS AVEC ANG\u00c9LIQUE KIDJO EN CONCERT !<\/span> Lire la suite\u00a0\u00bb<\/a><\/p>\n","protected":false},"author":4,"featured_media":10176,"comment_status":"open","ping_status":"closed","sticky":false,"template":"","format":"standard","meta":{"_mi_skip_tracking":false,"_monsterinsights_sitenote_active":false,"_monsterinsights_sitenote_note":"","_monsterinsights_sitenote_category":0,"site-sidebar-layout":"default","site-content-layout":"default","ast-global-header-display":"","ast-main-header-display":"","ast-hfb-above-header-display":"","ast-hfb-below-header-display":"","ast-hfb-mobile-header-display":"","site-post-title":"","ast-breadcrumbs-content":"","ast-featured-img":"","footer-sml-layout":"","theme-transparent-header-meta":"","adv-header-id-meta":"","stick-header-meta":"","header-above-stick-meta":"","header-main-stick-meta":"","header-below-stick-meta":"","footnotes":"","jetpack_publicize_message":"","jetpack_is_tweetstorm":false,"jetpack_publicize_feature_enabled":true},"categories":[22],"tags":[],"jetpack_publicize_connections":[],"acf":[],"aioseo_notices":[],"yoast_head":"<!-- This site is optimized with the Yoast SEO plugin v19.6.1 - https:\/\/yoast.com\/wordpress\/plugins\/seo\/ -->\n<title>JOURN\u00c9E INTERNATIONALE DU JAZZ : 10 ANS AVEC ANG\u00c9LIQUE KIDJO EN CONCERT ! - 7culture<\/title>\n<meta name=\"robots\" content=\"index, follow, max-snippet:-1, max-image-preview:large, max-video-preview:-1\" \/>\n<link rel=\"canonical\" href=\"https:\/\/7culture.ci\/index.php\/2021\/04\/30\/journee-internationale-du-jazz-10-ans-avec-angelique-kidjo-en-concert\/\" \/>\n<meta property=\"og:locale\" content=\"fr_FR\" \/>\n<meta property=\"og:type\" content=\"article\" \/>\n<meta property=\"og:title\" content=\"JOURN\u00c9E INTERNATIONALE DU JAZZ : 10 ANS AVEC ANG\u00c9LIQUE KIDJO EN CONCERT ! - 7culture\" \/>\n<meta property=\"og:description\" content=\"Comme chaque ann\u00e9e, l\u2019organisation des Nations Unies pour l\u2019\u00e9ducation, la science et la culture (UNESCO) c\u00e9l\u00e8bre le 30 avril, la Journ\u00e9e internationale du jazz. Cette ann\u00e9e 2021 marque le 10e anniversaire de la c\u00e9l\u00e9bration de ce genre musical. Une prestation de la chanteuse b\u00e9ninoise Ang\u00e9lique Kidjo sera offerte au public ce soir. Ce sera lors &hellip; JOURN\u00c9E INTERNATIONALE DU JAZZ : 10 ANS AVEC ANG\u00c9LIQUE KIDJO EN CONCERT ! Lire la suite\u00a0\u00bb\" \/>\n<meta property=\"og:url\" content=\"https:\/\/7culture.ci\/index.php\/2021\/04\/30\/journee-internationale-du-jazz-10-ans-avec-angelique-kidjo-en-concert\/\" \/>\n<meta property=\"og:site_name\" content=\"7culture\" \/>\n<meta property=\"article:publisher\" content=\"https:\/\/www.facebook.com\/redchefclaude\" \/>\n<meta property=\"article:published_time\" content=\"2021-04-30T17:35:18+00:00\" \/>\n<meta name=\"author\" content=\"Waly Tani\" \/>\n<meta name=\"twitter:card\" content=\"summary_large_image\" \/>\n<meta name=\"twitter:creator\" content=\"@7culturec\" \/>\n<meta name=\"twitter:site\" content=\"@7culturec\" \/>\n<meta name=\"twitter:label1\" content=\"\u00c9crit par\" \/>\n\t<meta name=\"twitter:data1\" content=\"Waly Tani\" \/>\n\t<meta name=\"twitter:label2\" content=\"Dur\u00e9e de lecture estim\u00e9e\" \/>\n\t<meta name=\"twitter:data2\" content=\"2 minutes\" \/>\n<script type=\"application\/ld+json\" class=\"yoast-schema-graph\">{\"@context\":\"https:\/\/schema.org\",\"@graph\":[{\"@type\":\"Article\",\"@id\":\"https:\/\/7culture.ci\/index.php\/2021\/04\/30\/journee-internationale-du-jazz-10-ans-avec-angelique-kidjo-en-concert\/#article\",\"isPartOf\":{\"@id\":\"https:\/\/7culture.ci\/index.php\/2021\/04\/30\/journee-internationale-du-jazz-10-ans-avec-angelique-kidjo-en-concert\/\"},\"author\":{\"name\":\"Waly Tani\",\"@id\":\"https:\/\/7culture.ci\/#\/schema\/person\/ac6600b76b439b1d2b8a3b734da1a17b\"},\"headline\":\"JOURN\u00c9E INTERNATIONALE DU JAZZ : 10 ANS AVEC ANG\u00c9LIQUE KIDJO EN CONCERT !\",\"datePublished\":\"2021-04-30T17:35:18+00:00\",\"dateModified\":\"2021-04-30T17:35:18+00:00\",\"mainEntityOfPage\":{\"@id\":\"https:\/\/7culture.ci\/index.php\/2021\/04\/30\/journee-internationale-du-jazz-10-ans-avec-angelique-kidjo-en-concert\/\"},\"wordCount\":328,\"commentCount\":0,\"publisher\":{\"@id\":\"https:\/\/7culture.ci\/#organization\"},\"articleSection\":[\"Actualit\u00e9\"],\"inLanguage\":\"fr-FR\",\"potentialAction\":[{\"@type\":\"CommentAction\",\"name\":\"Comment\",\"target\":[\"https:\/\/7culture.ci\/index.php\/2021\/04\/30\/journee-internationale-du-jazz-10-ans-avec-angelique-kidjo-en-concert\/#respond\"]}]},{\"@type\":\"WebPage\",\"@id\":\"https:\/\/7culture.ci\/index.php\/2021\/04\/30\/journee-internationale-du-jazz-10-ans-avec-angelique-kidjo-en-concert\/\",\"url\":\"https:\/\/7culture.ci\/index.php\/2021\/04\/30\/journee-internationale-du-jazz-10-ans-avec-angelique-kidjo-en-concert\/\",\"name\":\"JOURN\u00c9E INTERNATIONALE DU JAZZ : 10 ANS AVEC ANG\u00c9LIQUE KIDJO EN CONCERT ! - 7culture\",\"isPartOf\":{\"@id\":\"https:\/\/7culture.ci\/#website\"},\"datePublished\":\"2021-04-30T17:35:18+00:00\",\"dateModified\":\"2021-04-30T17:35:18+00:00\",\"breadcrumb\":{\"@id\":\"https:\/\/7culture.ci\/index.php\/2021\/04\/30\/journee-internationale-du-jazz-10-ans-avec-angelique-kidjo-en-concert\/#breadcrumb\"},\"inLanguage\":\"fr-FR\",\"potentialAction\":[{\"@type\":\"ReadAction\",\"target\":[\"https:\/\/7culture.ci\/index.php\/2021\/04\/30\/journee-internationale-du-jazz-10-ans-avec-angelique-kidjo-en-concert\/\"]}]},{\"@type\":\"BreadcrumbList\",\"@id\":\"https:\/\/7culture.ci\/index.php\/2021\/04\/30\/journee-internationale-du-jazz-10-ans-avec-angelique-kidjo-en-concert\/#breadcrumb\",\"itemListElement\":[{\"@type\":\"ListItem\",\"position\":1,\"name\":\"Accueil\",\"item\":\"https:\/\/7culture.ci\/\"},{\"@type\":\"ListItem\",\"position\":2,\"name\":\"JOURN\u00c9E INTERNATIONALE DU JAZZ : 10 ANS AVEC ANG\u00c9LIQUE KIDJO EN CONCERT !\"}]},{\"@type\":\"WebSite\",\"@id\":\"https:\/\/7culture.ci\/#website\",\"url\":\"https:\/\/7culture.ci\/\",\"name\":\"7culture\",\"description\":\"Tout sur l&#039;actualit\u00e9\",\"publisher\":{\"@id\":\"https:\/\/7culture.ci\/#organization\"},\"potentialAction\":[{\"@type\":\"SearchAction\",\"target\":{\"@type\":\"EntryPoint\",\"urlTemplate\":\"https:\/\/7culture.ci\/?s={search_term_string}\"},\"query-input\":\"required name=search_term_string\"}],\"inLanguage\":\"fr-FR\"},{\"@type\":\"Organization\",\"@id\":\"https:\/\/7culture.ci\/#organization\",\"name\":\"7culture\",\"url\":\"https:\/\/7culture.ci\/\",\"sameAs\":[\"https:\/\/www.facebook.com\/redchefclaude\",\"https:\/\/twitter.com\/7culturec\"],\"logo\":{\"@type\":\"ImageObject\",\"inLanguage\":\"fr-FR\",\"@id\":\"https:\/\/7culture.ci\/#\/schema\/logo\/image\/\",\"url\":\"https:\/\/7culture.ci\/wp-content\/uploads\/2021\/12\/S1a-1.png\",\"contentUrl\":\"https:\/\/7culture.ci\/wp-content\/uploads\/2021\/12\/S1a-1.png\",\"width\":588,\"height\":192,\"caption\":\"7culture\"},\"image\":{\"@id\":\"https:\/\/7culture.ci\/#\/schema\/logo\/image\/\"}},{\"@type\":\"Person\",\"@id\":\"https:\/\/7culture.ci\/#\/schema\/person\/ac6600b76b439b1d2b8a3b734da1a17b\",\"name\":\"Waly Tani\",\"image\":{\"@type\":\"ImageObject\",\"inLanguage\":\"fr-FR\",\"@id\":\"https:\/\/7culture.ci\/#\/schema\/person\/image\/\",\"url\":\"https:\/\/secure.gravatar.com\/avatar\/f4ffa85bd7cfe6e4376efc1fd606cdb7?s=96&d=mm&r=g\",\"contentUrl\":\"https:\/\/secure.gravatar.com\/avatar\/f4ffa85bd7cfe6e4376efc1fd606cdb7?s=96&d=mm&r=g\",\"caption\":\"Waly Tani\"},\"url\":\"https:\/\/7culture.ci\/index.php\/author\/waly-tani\/\"}]}<\/script>\n<!-- \/ Yoast SEO plugin. -->","yoast_head_json":{"title":"JOURN\u00c9E INTERNATIONALE DU JAZZ : 10 ANS AVEC ANG\u00c9LIQUE KIDJO EN CONCERT ! - 7culture","robots":{"index":"index","follow":"follow","max-snippet":"max-snippet:-1","max-image-preview":"max-image-preview:large","max-video-preview":"max-video-preview:-1"},"canonical":"https:\/\/7culture.ci\/index.php\/2021\/04\/30\/journee-internationale-du-jazz-10-ans-avec-angelique-kidjo-en-concert\/","og_locale":"fr_FR","og_type":"article","og_title":"JOURN\u00c9E INTERNATIONALE DU JAZZ : 10 ANS AVEC ANG\u00c9LIQUE KIDJO EN CONCERT ! - 7culture","og_description":"Comme chaque ann\u00e9e, l\u2019organisation des Nations Unies pour l\u2019\u00e9ducation, la science et la culture (UNESCO) c\u00e9l\u00e8bre le 30 avril, la Journ\u00e9e internationale du jazz. Cette ann\u00e9e 2021 marque le 10e anniversaire de la c\u00e9l\u00e9bration de ce genre musical. Une prestation de la chanteuse b\u00e9ninoise Ang\u00e9lique Kidjo sera offerte au public ce soir. Ce sera lors &hellip; JOURN\u00c9E INTERNATIONALE DU JAZZ : 10 ANS AVEC ANG\u00c9LIQUE KIDJO EN CONCERT ! Lire la suite\u00a0\u00bb","og_url":"https:\/\/7culture.ci\/index.php\/2021\/04\/30\/journee-internationale-du-jazz-10-ans-avec-angelique-kidjo-en-concert\/","og_site_name":"7culture","article_publisher":"https:\/\/www.facebook.com\/redchefclaude","article_published_time":"2021-04-30T17:35:18+00:00","author":"Waly Tani","twitter_card":"summary_large_image","twitter_creator":"@7culturec","twitter_site":"@7culturec","twitter_misc":{"\u00c9crit par":"Waly Tani","Dur\u00e9e de lecture estim\u00e9e":"2 minutes"},"schema":{"@context":"https:\/\/schema.org","@graph":[{"@type":"Article","@id":"https:\/\/7culture.ci\/index.php\/2021\/04\/30\/journee-internationale-du-jazz-10-ans-avec-angelique-kidjo-en-concert\/#article","isPartOf":{"@id":"https:\/\/7culture.ci\/index.php\/2021\/04\/30\/journee-internationale-du-jazz-10-ans-avec-angelique-kidjo-en-concert\/"},"author":{"name":"Waly Tani","@id":"https:\/\/7culture.ci\/#\/schema\/person\/ac6600b76b439b1d2b8a3b734da1a17b"},"headline":"JOURN\u00c9E INTERNATIONALE DU JAZZ : 10 ANS AVEC ANG\u00c9LIQUE KIDJO EN CONCERT !","datePublished":"2021-04-30T17:35:18+00:00","dateModified":"2021-04-30T17:35:18+00:00","mainEntityOfPage":{"@id":"https:\/\/7culture.ci\/index.php\/2021\/04\/30\/journee-internationale-du-jazz-10-ans-avec-angelique-kidjo-en-concert\/"},"wordCount":328,"commentCount":0,"publisher":{"@id":"https:\/\/7culture.ci\/#organization"},"articleSection":["Actualit\u00e9"],"inLanguage":"fr-FR","potentialAction":[{"@type":"CommentAction","name":"Comment","target":["https:\/\/7culture.ci\/index.php\/2021\/04\/30\/journee-internationale-du-jazz-10-ans-avec-angelique-kidjo-en-concert\/#respond"]}]},{"@type":"WebPage","@id":"https:\/\/7culture.ci\/index.php\/2021\/04\/30\/journee-internationale-du-jazz-10-ans-avec-angelique-kidjo-en-concert\/","url":"https:\/\/7culture.ci\/index.php\/2021\/04\/30\/journee-internationale-du-jazz-10-ans-avec-angelique-kidjo-en-concert\/","name":"JOURN\u00c9E INTERNATIONALE DU JAZZ : 10 ANS AVEC ANG\u00c9LIQUE KIDJO EN CONCERT ! - 7culture","isPartOf":{"@id":"https:\/\/7culture.ci\/#website"},"datePublished":"2021-04-30T17:35:18+00:00","dateModified":"2021-04-30T17:35:18+00:00","breadcrumb":{"@id":"https:\/\/7culture.ci\/index.php\/2021\/04\/30\/journee-internationale-du-jazz-10-ans-avec-angelique-kidjo-en-concert\/#breadcrumb"},"inLanguage":"fr-FR","potentialAction":[{"@type":"ReadAction","target":["https:\/\/7culture.ci\/index.php\/2021\/04\/30\/journee-internationale-du-jazz-10-ans-avec-angelique-kidjo-en-concert\/"]}]},{"@type":"BreadcrumbList","@id":"https:\/\/7culture.ci\/index.php\/2021\/04\/30\/journee-internationale-du-jazz-10-ans-avec-angelique-kidjo-en-concert\/#breadcrumb","itemListElement":[{"@type":"ListItem","position":1,"name":"Accueil","item":"https:\/\/7culture.ci\/"},{"@type":"ListItem","position":2,"name":"JOURN\u00c9E INTERNATIONALE DU JAZZ : 10 ANS AVEC ANG\u00c9LIQUE KIDJO EN CONCERT !"}]},{"@type":"WebSite","@id":"https:\/\/7culture.ci\/#website","url":"https:\/\/7culture.ci\/","name":"7culture","description":"Tout sur l&#039;actualit\u00e9","publisher":{"@id":"https:\/\/7culture.ci\/#organization"},"potentialAction":[{"@type":"SearchAction","target":{"@type":"EntryPoint","urlTemplate":"https:\/\/7culture.ci\/?s={search_term_string}"},"query-input":"required name=search_term_string"}],"inLanguage":"fr-FR"},{"@type":"Organization","@id":"https:\/\/7culture.ci\/#organization","name":"7culture","url":"https:\/\/7culture.ci\/","sameAs":["https:\/\/www.facebook.com\/redchefclaude","https:\/\/twitter.com\/7culturec"],"logo":{"@type":"ImageObject","inLanguage":"fr-FR","@id":"https:\/\/7culture.ci\/#\/schema\/logo\/image\/","url":"https:\/\/7culture.ci\/wp-content\/uploads\/2021\/12\/S1a-1.png","contentUrl":"https:\/\/7culture.ci\/wp-content\/uploads\/2021\/12\/S1a-1.png","width":588,"height":192,"caption":"7culture"},"image":{"@id":"https:\/\/7culture.ci\/#\/schema\/logo\/image\/"}},{"@type":"Person","@id":"https:\/\/7culture.ci\/#\/schema\/person\/ac6600b76b439b1d2b8a3b734da1a17b","name":"Waly Tani","image":{"@type":"ImageObject","inLanguage":"fr-FR","@id":"https:\/\/7culture.ci\/#\/schema\/person\/image\/","url":"https:\/\/secure.gravatar.com\/avatar\/f4ffa85bd7cfe6e4376efc1fd606cdb7?s=96&d=mm&r=g","contentUrl":"https:\/\/secure.gravatar.com\/avatar\/f4ffa85bd7cfe6e4376efc1fd606cdb7?s=96&d=mm&r=g","caption":"Waly Tani"},"url":"https:\/\/7culture.ci\/index.php\/author\/waly-tani\/"}]}},"jetpack_featured_media_url":"","jetpack_likes_enabled":true,"jetpack_sharing_enabled":true,"_links":{"self":[{"href":"https:\/\/7culture.ci\/index.php\/wp-json\/wp\/v2\/posts\/10180"}],"collection":[{"href":"https:\/\/7culture.ci\/index.php\/wp-json\/wp\/v2\/posts"}],"about":[{"href":"https:\/\/7culture.ci\/index.php\/wp-json\/wp\/v2\/types\/post"}],"author":[{"embeddable":true,"href":"https:\/\/7culture.ci\/index.php\/wp-json\/wp\/v2\/users\/4"}],"replies":[{"embeddable":true,"href":"https:\/\/7culture.ci\/index.php\/wp-json\/wp\/v2\/comments?post=10180"}],"version-history":[{"count":0,"href":"https:\/\/7culture.ci\/index.php\/wp-json\/wp\/v2\/posts\/10180\/revisions"}],"wp:featuredmedia":[{"embeddable":true,"href":"https:\/\/7culture.ci\/index.php\/wp-json\/"}],"wp:attachment":[{"href":"https:\/\/7culture.ci\/index.php\/wp-json\/wp\/v2\/media?parent=10180"}],"wp:term":[{"taxonomy":"category","embeddable":true,"href":"https:\/\/7culture.ci\/index.php\/wp-json\/wp\/v2\/categories?post=10180"},{"taxonomy":"post_tag","embeddable":true,"href":"https:\/\/7culture.ci\/index.php\/wp-json\/wp\/v2\/tags?post=10180"}],"curies":[{"name":"wp","href":"https:\/\/api.w.org\/{rel}","templated":true}]}}