{"id":10159,"date":"2021-04-30T16:13:14","date_gmt":"2021-04-30T16:13:14","guid":{"rendered":"https:\/\/7culture.ci\/index.php\/2021\/04\/30\/paris-deces-de-lartiste-mahely-ba-du-covid\/"},"modified":"2021-04-30T16:13:14","modified_gmt":"2021-04-30T16:13:14","slug":"paris-deces-de-lartiste-mahely-ba-du-covid","status":"publish","type":"post","link":"https:\/\/7culture.ci\/index.php\/2021\/04\/30\/paris-deces-de-lartiste-mahely-ba-du-covid\/","title":{"rendered":"PARIS: D\u00c9C\u00c8S DE L\u2019ARTISTE MAHELY BA DU COVID!"},"content":{"rendered":"\n<p>L\u2019artiste chanteuse ivoirienne Mahely Ba est d\u00e9c\u00e9d\u00e9e le jeudi 29 avril 2021 des suites de la covid-19 \u00e0 Paris en France. Artiste engag\u00e9e et militante active, Mahely Ba \u00e9tait adepte de reggae. Ses admirateurs l\u2019appelaient affectueusement, la Mama du Reggae. \u00ab&nbsp;<em>Generationis aeternam<\/em>&nbsp;\u00bb&nbsp; comprenez &nbsp;\u00ab&nbsp;Eternelle renaissance&nbsp;\u00bb est son 1er album studio live de 14 titres. Mais c\u2019est surtout par son combat politique qu\u2019elle se rendra c\u00e9l\u00e8bre. Elle&nbsp; \u00e9tait un grand soutien de l\u2019ancien pr\u00e9sident ivoirien Laurent Gbagbo, et ne manquait jamais un d\u00e9placement \u00e0 La Haye au Pays-Bas durant toutes les ann\u00e9es de sa d\u00e9tention \u00e0 la cour p\u00e9nale internationale (CPI). Soit pour suivre le proc\u00e8s, soit pour participer aux meetings organis\u00e9s par les partisans de Laurent Gbagbo. Dans un communiqu\u00e9 ce vendredi 30 avril 2021, Laurent Gbagbo a indiqu\u00e9&nbsp;: \u00ab<strong><em>J\u2019ai \u00e9t\u00e9 tr\u00e8s sensible \u00e0 son engagement sans r\u00e9serve pour notre cause, particuli\u00e8rement pendant ces dix derni\u00e8res ann\u00e9es, et je ressens une profonde tristesse de ne pouvoir lui t\u00e9moigner de son vivant toute ma gratitude. Je rassure sa famille, notamment ses enfants, de toute ma solidarit\u00e9. Je prie ardemment pour le repos de son \u00e2me<\/em><\/strong>&nbsp;\u00bb.<\/p>\n\n\n\n<div class=\\\"wp-block-image\\\"><figure class=\\\"alignleft size-large\\\"><img src=\\\"http:\/\/7culture.ci\/fbf\/uploads\/2020\/07\/Mah\u00e9ly.jpg\\\" alt=\\\"\\\" class=\\\"wp-image-10156\\\"\/><\/figure><\/div>\n\n\n\n<p>L\u2019ancienne premi\u00e8re dame Simone Gbagbo et l\u2019ancien leader des jeunes patriotes Charles Bl\u00e9 Goud\u00e9, ont \u00e9galement rendu hommage \u00e0 son engagement politique.<\/p>\n\n\n\n<div class=\\\"wp-block-image\\\"><figure class=\\\"aligncenter size-large is-resized\\\"><img src=\\\"http:\/\/7culture.ci\/fbf\/uploads\/2020\/07\/Mama.jpg\\\" alt=\\\"\\\" class=\\\"wp-image-10157\\\" width=\\\"624\\\" height=\\\"578\\\"\/><\/figure><\/div>\n\n\n\n<p><strong>Adams T<\/strong><\/p>\n","protected":false},"excerpt":{"rendered":"<p>L\u2019artiste chanteuse ivoirienne Mahely Ba est d\u00e9c\u00e9d\u00e9e le jeudi 29 avril 2021 des suites de la covid-19 \u00e0 Paris en France. Artiste engag\u00e9e et militante active, Mahely Ba \u00e9tait adepte de reggae. Ses admirateurs l\u2019appelaient affectueusement, la Mama du Reggae. \u00ab&nbsp;Generationis aeternam&nbsp;\u00bb&nbsp; comprenez &nbsp;\u00ab&nbsp;Eternelle renaissance&nbsp;\u00bb est son 1er album studio live de 14 titres. Mais &hellip;<\/p>\n<p class=\"read-more\"> <a class=\"\" href=\"https:\/\/7culture.ci\/index.php\/2021\/04\/30\/paris-deces-de-lartiste-mahely-ba-du-covid\/\"> <span class=\"screen-reader-text\">PARIS: D\u00c9C\u00c8S DE L\u2019ARTISTE MAHELY BA DU COVID!<\/span> Lire la suite\u00a0\u00bb<\/a><\/p>\n","protected":false},"author":4,"featured_media":10158,"comment_status":"open","ping_status":"closed","sticky":false,"template":"","format":"standard","meta":{"_mi_skip_tracking":false,"_monsterinsights_sitenote_active":false,"_monsterinsights_sitenote_note":"","_monsterinsights_sitenote_category":0,"site-sidebar-layout":"default","site-content-layout":"default","ast-global-header-display":"","ast-main-header-display":"","ast-hfb-above-header-display":"","ast-hfb-below-header-display":"","ast-hfb-mobile-header-display":"","site-post-title":"","ast-breadcrumbs-content":"","ast-featured-img":"","footer-sml-layout":"","theme-transparent-header-meta":"","adv-header-id-meta":"","stick-header-meta":"","header-above-stick-meta":"","header-main-stick-meta":"","header-below-stick-meta":"","footnotes":"","jetpack_publicize_message":"","jetpack_is_tweetstorm":false,"jetpack_publicize_feature_enabled":true},"categories":[22],"tags":[],"jetpack_publicize_connections":[],"acf":[],"aioseo_notices":[],"yoast_head":"<!-- This site is optimized with the Yoast SEO plugin v19.6.1 - https:\/\/yoast.com\/wordpress\/plugins\/seo\/ -->\n<title>PARIS: D\u00c9C\u00c8S DE L\u2019ARTISTE MAHELY BA DU COVID! - 7culture<\/title>\n<meta name=\"robots\" content=\"index, follow, max-snippet:-1, max-image-preview:large, max-video-preview:-1\" \/>\n<link rel=\"canonical\" href=\"https:\/\/7culture.ci\/index.php\/2021\/04\/30\/paris-deces-de-lartiste-mahely-ba-du-covid\/\" \/>\n<meta property=\"og:locale\" content=\"fr_FR\" \/>\n<meta property=\"og:type\" content=\"article\" \/>\n<meta property=\"og:title\" content=\"PARIS: D\u00c9C\u00c8S DE L\u2019ARTISTE MAHELY BA DU COVID! - 7culture\" \/>\n<meta property=\"og:description\" content=\"L\u2019artiste chanteuse ivoirienne Mahely Ba est d\u00e9c\u00e9d\u00e9e le jeudi 29 avril 2021 des suites de la covid-19 \u00e0 Paris en France. Artiste engag\u00e9e et militante active, Mahely Ba \u00e9tait adepte de reggae. Ses admirateurs l\u2019appelaient affectueusement, la Mama du Reggae. \u00ab&nbsp;Generationis aeternam&nbsp;\u00bb&nbsp; comprenez &nbsp;\u00ab&nbsp;Eternelle renaissance&nbsp;\u00bb est son 1er album studio live de 14 titres. Mais &hellip; PARIS: D\u00c9C\u00c8S DE L\u2019ARTISTE MAHELY BA DU COVID! Lire la suite\u00a0\u00bb\" \/>\n<meta property=\"og:url\" content=\"https:\/\/7culture.ci\/index.php\/2021\/04\/30\/paris-deces-de-lartiste-mahely-ba-du-covid\/\" \/>\n<meta property=\"og:site_name\" content=\"7culture\" \/>\n<meta property=\"article:publisher\" content=\"https:\/\/www.facebook.com\/redchefclaude\" \/>\n<meta property=\"article:published_time\" content=\"2021-04-30T16:13:14+00:00\" \/>\n<meta name=\"author\" content=\"Waly Tani\" \/>\n<meta name=\"twitter:card\" content=\"summary_large_image\" \/>\n<meta name=\"twitter:creator\" content=\"@7culturec\" \/>\n<meta name=\"twitter:site\" content=\"@7culturec\" \/>\n<meta name=\"twitter:label1\" content=\"\u00c9crit par\" \/>\n\t<meta name=\"twitter:data1\" content=\"Waly Tani\" \/>\n\t<meta name=\"twitter:label2\" content=\"Dur\u00e9e de lecture estim\u00e9e\" \/>\n\t<meta name=\"twitter:data2\" content=\"1 minute\" \/>\n<script type=\"application\/ld+json\" class=\"yoast-schema-graph\">{\"@context\":\"https:\/\/schema.org\",\"@graph\":[{\"@type\":\"Article\",\"@id\":\"https:\/\/7culture.ci\/index.php\/2021\/04\/30\/paris-deces-de-lartiste-mahely-ba-du-covid\/#article\",\"isPartOf\":{\"@id\":\"https:\/\/7culture.ci\/index.php\/2021\/04\/30\/paris-deces-de-lartiste-mahely-ba-du-covid\/\"},\"author\":{\"name\":\"Waly Tani\",\"@id\":\"https:\/\/7culture.ci\/#\/schema\/person\/ac6600b76b439b1d2b8a3b734da1a17b\"},\"headline\":\"PARIS: D\u00c9C\u00c8S DE L\u2019ARTISTE MAHELY BA DU COVID!\",\"datePublished\":\"2021-04-30T16:13:14+00:00\",\"dateModified\":\"2021-04-30T16:13:14+00:00\",\"mainEntityOfPage\":{\"@id\":\"https:\/\/7culture.ci\/index.php\/2021\/04\/30\/paris-deces-de-lartiste-mahely-ba-du-covid\/\"},\"wordCount\":246,\"commentCount\":0,\"publisher\":{\"@id\":\"https:\/\/7culture.ci\/#organization\"},\"articleSection\":[\"Actualit\u00e9\"],\"inLanguage\":\"fr-FR\",\"potentialAction\":[{\"@type\":\"CommentAction\",\"name\":\"Comment\",\"target\":[\"https:\/\/7culture.ci\/index.php\/2021\/04\/30\/paris-deces-de-lartiste-mahely-ba-du-covid\/#respond\"]}]},{\"@type\":\"WebPage\",\"@id\":\"https:\/\/7culture.ci\/index.php\/2021\/04\/30\/paris-deces-de-lartiste-mahely-ba-du-covid\/\",\"url\":\"https:\/\/7culture.ci\/index.php\/2021\/04\/30\/paris-deces-de-lartiste-mahely-ba-du-covid\/\",\"name\":\"PARIS: D\u00c9C\u00c8S DE L\u2019ARTISTE MAHELY BA DU COVID! - 7culture\",\"isPartOf\":{\"@id\":\"https:\/\/7culture.ci\/#website\"},\"datePublished\":\"2021-04-30T16:13:14+00:00\",\"dateModified\":\"2021-04-30T16:13:14+00:00\",\"breadcrumb\":{\"@id\":\"https:\/\/7culture.ci\/index.php\/2021\/04\/30\/paris-deces-de-lartiste-mahely-ba-du-covid\/#breadcrumb\"},\"inLanguage\":\"fr-FR\",\"potentialAction\":[{\"@type\":\"ReadAction\",\"target\":[\"https:\/\/7culture.ci\/index.php\/2021\/04\/30\/paris-deces-de-lartiste-mahely-ba-du-covid\/\"]}]},{\"@type\":\"BreadcrumbList\",\"@id\":\"https:\/\/7culture.ci\/index.php\/2021\/04\/30\/paris-deces-de-lartiste-mahely-ba-du-covid\/#breadcrumb\",\"itemListElement\":[{\"@type\":\"ListItem\",\"position\":1,\"name\":\"Accueil\",\"item\":\"https:\/\/7culture.ci\/\"},{\"@type\":\"ListItem\",\"position\":2,\"name\":\"PARIS: D\u00c9C\u00c8S DE L\u2019ARTISTE MAHELY BA DU COVID!\"}]},{\"@type\":\"WebSite\",\"@id\":\"https:\/\/7culture.ci\/#website\",\"url\":\"https:\/\/7culture.ci\/\",\"name\":\"7culture\",\"description\":\"Tout sur l&#039;actualit\u00e9\",\"publisher\":{\"@id\":\"https:\/\/7culture.ci\/#organization\"},\"potentialAction\":[{\"@type\":\"SearchAction\",\"target\":{\"@type\":\"EntryPoint\",\"urlTemplate\":\"https:\/\/7culture.ci\/?s={search_term_string}\"},\"query-input\":\"required name=search_term_string\"}],\"inLanguage\":\"fr-FR\"},{\"@type\":\"Organization\",\"@id\":\"https:\/\/7culture.ci\/#organization\",\"name\":\"7culture\",\"url\":\"https:\/\/7culture.ci\/\",\"sameAs\":[\"https:\/\/www.facebook.com\/redchefclaude\",\"https:\/\/twitter.com\/7culturec\"],\"logo\":{\"@type\":\"ImageObject\",\"inLanguage\":\"fr-FR\",\"@id\":\"https:\/\/7culture.ci\/#\/schema\/logo\/image\/\",\"url\":\"https:\/\/7culture.ci\/wp-content\/uploads\/2021\/12\/S1a-1.png\",\"contentUrl\":\"https:\/\/7culture.ci\/wp-content\/uploads\/2021\/12\/S1a-1.png\",\"width\":588,\"height\":192,\"caption\":\"7culture\"},\"image\":{\"@id\":\"https:\/\/7culture.ci\/#\/schema\/logo\/image\/\"}},{\"@type\":\"Person\",\"@id\":\"https:\/\/7culture.ci\/#\/schema\/person\/ac6600b76b439b1d2b8a3b734da1a17b\",\"name\":\"Waly Tani\",\"image\":{\"@type\":\"ImageObject\",\"inLanguage\":\"fr-FR\",\"@id\":\"https:\/\/7culture.ci\/#\/schema\/person\/image\/\",\"url\":\"https:\/\/secure.gravatar.com\/avatar\/f4ffa85bd7cfe6e4376efc1fd606cdb7?s=96&d=mm&r=g\",\"contentUrl\":\"https:\/\/secure.gravatar.com\/avatar\/f4ffa85bd7cfe6e4376efc1fd606cdb7?s=96&d=mm&r=g\",\"caption\":\"Waly Tani\"},\"url\":\"https:\/\/7culture.ci\/index.php\/author\/waly-tani\/\"}]}<\/script>\n<!-- \/ Yoast SEO plugin. -->","yoast_head_json":{"title":"PARIS: D\u00c9C\u00c8S DE L\u2019ARTISTE MAHELY BA DU COVID! - 7culture","robots":{"index":"index","follow":"follow","max-snippet":"max-snippet:-1","max-image-preview":"max-image-preview:large","max-video-preview":"max-video-preview:-1"},"canonical":"https:\/\/7culture.ci\/index.php\/2021\/04\/30\/paris-deces-de-lartiste-mahely-ba-du-covid\/","og_locale":"fr_FR","og_type":"article","og_title":"PARIS: D\u00c9C\u00c8S DE L\u2019ARTISTE MAHELY BA DU COVID! - 7culture","og_description":"L\u2019artiste chanteuse ivoirienne Mahely Ba est d\u00e9c\u00e9d\u00e9e le jeudi 29 avril 2021 des suites de la covid-19 \u00e0 Paris en France. Artiste engag\u00e9e et militante active, Mahely Ba \u00e9tait adepte de reggae. Ses admirateurs l\u2019appelaient affectueusement, la Mama du Reggae. \u00ab&nbsp;Generationis aeternam&nbsp;\u00bb&nbsp; comprenez &nbsp;\u00ab&nbsp;Eternelle renaissance&nbsp;\u00bb est son 1er album studio live de 14 titres. Mais &hellip; PARIS: D\u00c9C\u00c8S DE L\u2019ARTISTE MAHELY BA DU COVID! Lire la suite\u00a0\u00bb","og_url":"https:\/\/7culture.ci\/index.php\/2021\/04\/30\/paris-deces-de-lartiste-mahely-ba-du-covid\/","og_site_name":"7culture","article_publisher":"https:\/\/www.facebook.com\/redchefclaude","article_published_time":"2021-04-30T16:13:14+00:00","author":"Waly Tani","twitter_card":"summary_large_image","twitter_creator":"@7culturec","twitter_site":"@7culturec","twitter_misc":{"\u00c9crit par":"Waly Tani","Dur\u00e9e de lecture estim\u00e9e":"1 minute"},"schema":{"@context":"https:\/\/schema.org","@graph":[{"@type":"Article","@id":"https:\/\/7culture.ci\/index.php\/2021\/04\/30\/paris-deces-de-lartiste-mahely-ba-du-covid\/#article","isPartOf":{"@id":"https:\/\/7culture.ci\/index.php\/2021\/04\/30\/paris-deces-de-lartiste-mahely-ba-du-covid\/"},"author":{"name":"Waly Tani","@id":"https:\/\/7culture.ci\/#\/schema\/person\/ac6600b76b439b1d2b8a3b734da1a17b"},"headline":"PARIS: D\u00c9C\u00c8S DE L\u2019ARTISTE MAHELY BA DU COVID!","datePublished":"2021-04-30T16:13:14+00:00","dateModified":"2021-04-30T16:13:14+00:00","mainEntityOfPage":{"@id":"https:\/\/7culture.ci\/index.php\/2021\/04\/30\/paris-deces-de-lartiste-mahely-ba-du-covid\/"},"wordCount":246,"commentCount":0,"publisher":{"@id":"https:\/\/7culture.ci\/#organization"},"articleSection":["Actualit\u00e9"],"inLanguage":"fr-FR","potentialAction":[{"@type":"CommentAction","name":"Comment","target":["https:\/\/7culture.ci\/index.php\/2021\/04\/30\/paris-deces-de-lartiste-mahely-ba-du-covid\/#respond"]}]},{"@type":"WebPage","@id":"https:\/\/7culture.ci\/index.php\/2021\/04\/30\/paris-deces-de-lartiste-mahely-ba-du-covid\/","url":"https:\/\/7culture.ci\/index.php\/2021\/04\/30\/paris-deces-de-lartiste-mahely-ba-du-covid\/","name":"PARIS: D\u00c9C\u00c8S DE L\u2019ARTISTE MAHELY BA DU COVID! - 7culture","isPartOf":{"@id":"https:\/\/7culture.ci\/#website"},"datePublished":"2021-04-30T16:13:14+00:00","dateModified":"2021-04-30T16:13:14+00:00","breadcrumb":{"@id":"https:\/\/7culture.ci\/index.php\/2021\/04\/30\/paris-deces-de-lartiste-mahely-ba-du-covid\/#breadcrumb"},"inLanguage":"fr-FR","potentialAction":[{"@type":"ReadAction","target":["https:\/\/7culture.ci\/index.php\/2021\/04\/30\/paris-deces-de-lartiste-mahely-ba-du-covid\/"]}]},{"@type":"BreadcrumbList","@id":"https:\/\/7culture.ci\/index.php\/2021\/04\/30\/paris-deces-de-lartiste-mahely-ba-du-covid\/#breadcrumb","itemListElement":[{"@type":"ListItem","position":1,"name":"Accueil","item":"https:\/\/7culture.ci\/"},{"@type":"ListItem","position":2,"name":"PARIS: D\u00c9C\u00c8S DE L\u2019ARTISTE MAHELY BA DU COVID!"}]},{"@type":"WebSite","@id":"https:\/\/7culture.ci\/#website","url":"https:\/\/7culture.ci\/","name":"7culture","description":"Tout sur l&#039;actualit\u00e9","publisher":{"@id":"https:\/\/7culture.ci\/#organization"},"potentialAction":[{"@type":"SearchAction","target":{"@type":"EntryPoint","urlTemplate":"https:\/\/7culture.ci\/?s={search_term_string}"},"query-input":"required name=search_term_string"}],"inLanguage":"fr-FR"},{"@type":"Organization","@id":"https:\/\/7culture.ci\/#organization","name":"7culture","url":"https:\/\/7culture.ci\/","sameAs":["https:\/\/www.facebook.com\/redchefclaude","https:\/\/twitter.com\/7culturec"],"logo":{"@type":"ImageObject","inLanguage":"fr-FR","@id":"https:\/\/7culture.ci\/#\/schema\/logo\/image\/","url":"https:\/\/7culture.ci\/wp-content\/uploads\/2021\/12\/S1a-1.png","contentUrl":"https:\/\/7culture.ci\/wp-content\/uploads\/2021\/12\/S1a-1.png","width":588,"height":192,"caption":"7culture"},"image":{"@id":"https:\/\/7culture.ci\/#\/schema\/logo\/image\/"}},{"@type":"Person","@id":"https:\/\/7culture.ci\/#\/schema\/person\/ac6600b76b439b1d2b8a3b734da1a17b","name":"Waly Tani","image":{"@type":"ImageObject","inLanguage":"fr-FR","@id":"https:\/\/7culture.ci\/#\/schema\/person\/image\/","url":"https:\/\/secure.gravatar.com\/avatar\/f4ffa85bd7cfe6e4376efc1fd606cdb7?s=96&d=mm&r=g","contentUrl":"https:\/\/secure.gravatar.com\/avatar\/f4ffa85bd7cfe6e4376efc1fd606cdb7?s=96&d=mm&r=g","caption":"Waly Tani"},"url":"https:\/\/7culture.ci\/index.php\/author\/waly-tani\/"}]}},"jetpack_featured_media_url":"","jetpack_likes_enabled":true,"jetpack_sharing_enabled":true,"_links":{"self":[{"href":"https:\/\/7culture.ci\/index.php\/wp-json\/wp\/v2\/posts\/10159"}],"collection":[{"href":"https:\/\/7culture.ci\/index.php\/wp-json\/wp\/v2\/posts"}],"about":[{"href":"https:\/\/7culture.ci\/index.php\/wp-json\/wp\/v2\/types\/post"}],"author":[{"embeddable":true,"href":"https:\/\/7culture.ci\/index.php\/wp-json\/wp\/v2\/users\/4"}],"replies":[{"embeddable":true,"href":"https:\/\/7culture.ci\/index.php\/wp-json\/wp\/v2\/comments?post=10159"}],"version-history":[{"count":0,"href":"https:\/\/7culture.ci\/index.php\/wp-json\/wp\/v2\/posts\/10159\/revisions"}],"wp:featuredmedia":[{"embeddable":true,"href":"https:\/\/7culture.ci\/index.php\/wp-json\/"}],"wp:attachment":[{"href":"https:\/\/7culture.ci\/index.php\/wp-json\/wp\/v2\/media?parent=10159"}],"wp:term":[{"taxonomy":"category","embeddable":true,"href":"https:\/\/7culture.ci\/index.php\/wp-json\/wp\/v2\/categories?post=10159"},{"taxonomy":"post_tag","embeddable":true,"href":"https:\/\/7culture.ci\/index.php\/wp-json\/wp\/v2\/tags?post=10159"}],"curies":[{"name":"wp","href":"https:\/\/api.w.org\/{rel}","templated":true}]}}