{"id":10137,"date":"2021-04-29T18:07:48","date_gmt":"2021-04-29T18:07:48","guid":{"rendered":"https:\/\/7culture.ci\/index.php\/2021\/04\/29\/decede-au-burkina-faso-la-depouille-de-dj-lova-le-griot-enfin-rapatriee-en-cote-divoire\/"},"modified":"2021-04-29T18:07:48","modified_gmt":"2021-04-29T18:07:48","slug":"decede-au-burkina-faso-la-depouille-de-dj-lova-le-griot-enfin-rapatriee-en-cote-divoire","status":"publish","type":"post","link":"https:\/\/7culture.ci\/index.php\/2021\/04\/29\/decede-au-burkina-faso-la-depouille-de-dj-lova-le-griot-enfin-rapatriee-en-cote-divoire\/","title":{"rendered":"D\u00c9C\u00c9D\u00c9 AU BURKINA FASO, LA D\u00c9POUILLE DE DJ LOVA LE GRIOT, ENFIN RAPATRI\u00c9E EN C\u00d4TE D\u2019IVOIRE"},"content":{"rendered":"\n<p>D\u00e9c\u00e9d\u00e9 le vendredi 16 avril 2021, des suites d\u2019une crise \u00e0 Ouagadougou, dans la capitale du Burkina Faso, la d\u00e9pouille du jeune artiste ivoirien Nombr\u00e9 Loubou\u00e9, plus connu sous le pseudonyme de DJ Lova le Griot, n\u2019avait pu \u00eatre rapatri\u00e9e \u00e0 Abidjan. C\u2019est d\u00e9sormais chose faite depuis, le mercredi 28 avril 2021. Ce, gr\u00e2ce \u00e0 l\u2019intervention de l\u2019ambassade de C\u00f4te d\u2019Ivoire au Burkina et de bonnes volont\u00e9s. Sa d\u00e9pouille est arriv\u00e9e \u00e0 l\u2019a\u00e9roport F\u00e9lix Houphou\u00ebt- Boigny d\u2019Abidjan le mercredi 28 avril 2021, r\u00e9v\u00e8le la famille du d\u00e9funt. Celle-ci avait rencontr\u00e9 d\u2019\u00e9normes difficult\u00e9s pour le faire, il y a quelques jours. Elle pr\u00e9cise que le corps de leur fils a \u00e9t\u00e9 imm\u00e9diatement transf\u00e9r\u00e9 \u00e0 la morgue de l\u2019h\u00f4pital g\u00e9n\u00e9ral de Grand Lahou. Et annonce que l\u2019inhumation est pr\u00e9vue pour le samedi 1er mai 2021 dans son village natal de Yocobou\u00e9.<\/p>\n\n\n\n<div class=\\\"wp-block-image\\\"><figure class=\\\"aligncenter size-large is-resized\\\"><img src=\\\"http:\/\/7culture.ci\/fbf\/uploads\/2020\/07\/LOVA-LE-GRIOT-OFFICIEL.jpg\\\" alt=\\\"\\\" class=\\\"wp-image-10134\\\" width=\\\"620\\\" height=\\\"623\\\"\/><\/figure><\/div>\n\n\n\n<p>La famille tient \u00e0 remercier les responsables de l\u2019ambassade de C\u00f4te d\u2019Ivoire \u00e0 Ouagadougou. Mais aussi, la communaut\u00e9 des artistes du Burkina Faso, son manager et tous ceux qui ont \u0153uvr\u00e9 pour le rapatriement du corps de leur fils en C\u00f4te d\u2019Ivoire.<\/p>\n\n\n\n<p><strong>Adams T<\/strong><\/p>\n","protected":false},"excerpt":{"rendered":"<p>D\u00e9c\u00e9d\u00e9 le vendredi 16 avril 2021, des suites d\u2019une crise \u00e0 Ouagadougou, dans la capitale du Burkina Faso, la d\u00e9pouille du jeune artiste ivoirien Nombr\u00e9 Loubou\u00e9, plus connu sous le pseudonyme de DJ Lova le Griot, n\u2019avait pu \u00eatre rapatri\u00e9e \u00e0 Abidjan. C\u2019est d\u00e9sormais chose faite depuis, le mercredi 28 avril 2021. Ce, gr\u00e2ce \u00e0 &hellip;<\/p>\n<p class=\"read-more\"> <a class=\"\" href=\"https:\/\/7culture.ci\/index.php\/2021\/04\/29\/decede-au-burkina-faso-la-depouille-de-dj-lova-le-griot-enfin-rapatriee-en-cote-divoire\/\"> <span class=\"screen-reader-text\">D\u00c9C\u00c9D\u00c9 AU BURKINA FASO, LA D\u00c9POUILLE DE DJ LOVA LE GRIOT, ENFIN RAPATRI\u00c9E EN C\u00d4TE D\u2019IVOIRE<\/span> Lire la suite\u00a0\u00bb<\/a><\/p>\n","protected":false},"author":4,"featured_media":10133,"comment_status":"open","ping_status":"closed","sticky":false,"template":"","format":"standard","meta":{"_mi_skip_tracking":false,"_monsterinsights_sitenote_active":false,"_monsterinsights_sitenote_note":"","_monsterinsights_sitenote_category":0,"site-sidebar-layout":"default","site-content-layout":"default","ast-global-header-display":"","ast-main-header-display":"","ast-hfb-above-header-display":"","ast-hfb-below-header-display":"","ast-hfb-mobile-header-display":"","site-post-title":"","ast-breadcrumbs-content":"","ast-featured-img":"","footer-sml-layout":"","theme-transparent-header-meta":"","adv-header-id-meta":"","stick-header-meta":"","header-above-stick-meta":"","header-main-stick-meta":"","header-below-stick-meta":"","footnotes":"","jetpack_publicize_message":"","jetpack_is_tweetstorm":false,"jetpack_publicize_feature_enabled":true},"categories":[22],"tags":[],"jetpack_publicize_connections":[],"acf":[],"aioseo_notices":[],"yoast_head":"<!-- This site is optimized with the Yoast SEO plugin v19.6.1 - https:\/\/yoast.com\/wordpress\/plugins\/seo\/ -->\n<title>D\u00c9C\u00c9D\u00c9 AU BURKINA FASO, LA D\u00c9POUILLE DE DJ LOVA LE GRIOT, ENFIN RAPATRI\u00c9E EN C\u00d4TE D\u2019IVOIRE - 7culture<\/title>\n<meta name=\"robots\" content=\"index, follow, max-snippet:-1, max-image-preview:large, max-video-preview:-1\" \/>\n<link rel=\"canonical\" href=\"https:\/\/7culture.ci\/index.php\/2021\/04\/29\/decede-au-burkina-faso-la-depouille-de-dj-lova-le-griot-enfin-rapatriee-en-cote-divoire\/\" \/>\n<meta property=\"og:locale\" content=\"fr_FR\" \/>\n<meta property=\"og:type\" content=\"article\" \/>\n<meta property=\"og:title\" content=\"D\u00c9C\u00c9D\u00c9 AU BURKINA FASO, LA D\u00c9POUILLE DE DJ LOVA LE GRIOT, ENFIN RAPATRI\u00c9E EN C\u00d4TE D\u2019IVOIRE - 7culture\" \/>\n<meta property=\"og:description\" content=\"D\u00e9c\u00e9d\u00e9 le vendredi 16 avril 2021, des suites d\u2019une crise \u00e0 Ouagadougou, dans la capitale du Burkina Faso, la d\u00e9pouille du jeune artiste ivoirien Nombr\u00e9 Loubou\u00e9, plus connu sous le pseudonyme de DJ Lova le Griot, n\u2019avait pu \u00eatre rapatri\u00e9e \u00e0 Abidjan. C\u2019est d\u00e9sormais chose faite depuis, le mercredi 28 avril 2021. Ce, gr\u00e2ce \u00e0 &hellip; D\u00c9C\u00c9D\u00c9 AU BURKINA FASO, LA D\u00c9POUILLE DE DJ LOVA LE GRIOT, ENFIN RAPATRI\u00c9E EN C\u00d4TE D\u2019IVOIRE Lire la suite\u00a0\u00bb\" \/>\n<meta property=\"og:url\" content=\"https:\/\/7culture.ci\/index.php\/2021\/04\/29\/decede-au-burkina-faso-la-depouille-de-dj-lova-le-griot-enfin-rapatriee-en-cote-divoire\/\" \/>\n<meta property=\"og:site_name\" content=\"7culture\" \/>\n<meta property=\"article:publisher\" content=\"https:\/\/www.facebook.com\/redchefclaude\" \/>\n<meta property=\"article:published_time\" content=\"2021-04-29T18:07:48+00:00\" \/>\n<meta name=\"author\" content=\"Waly Tani\" \/>\n<meta name=\"twitter:card\" content=\"summary_large_image\" \/>\n<meta name=\"twitter:creator\" content=\"@7culturec\" \/>\n<meta name=\"twitter:site\" content=\"@7culturec\" \/>\n<meta name=\"twitter:label1\" content=\"\u00c9crit par\" \/>\n\t<meta name=\"twitter:data1\" content=\"Waly Tani\" \/>\n\t<meta name=\"twitter:label2\" content=\"Dur\u00e9e de lecture estim\u00e9e\" \/>\n\t<meta name=\"twitter:data2\" content=\"1 minute\" \/>\n<script type=\"application\/ld+json\" class=\"yoast-schema-graph\">{\"@context\":\"https:\/\/schema.org\",\"@graph\":[{\"@type\":\"Article\",\"@id\":\"https:\/\/7culture.ci\/index.php\/2021\/04\/29\/decede-au-burkina-faso-la-depouille-de-dj-lova-le-griot-enfin-rapatriee-en-cote-divoire\/#article\",\"isPartOf\":{\"@id\":\"https:\/\/7culture.ci\/index.php\/2021\/04\/29\/decede-au-burkina-faso-la-depouille-de-dj-lova-le-griot-enfin-rapatriee-en-cote-divoire\/\"},\"author\":{\"name\":\"Waly Tani\",\"@id\":\"https:\/\/7culture.ci\/#\/schema\/person\/ac6600b76b439b1d2b8a3b734da1a17b\"},\"headline\":\"D\u00c9C\u00c9D\u00c9 AU BURKINA FASO, LA D\u00c9POUILLE DE DJ LOVA LE GRIOT, ENFIN RAPATRI\u00c9E EN C\u00d4TE D\u2019IVOIRE\",\"datePublished\":\"2021-04-29T18:07:48+00:00\",\"dateModified\":\"2021-04-29T18:07:48+00:00\",\"mainEntityOfPage\":{\"@id\":\"https:\/\/7culture.ci\/index.php\/2021\/04\/29\/decede-au-burkina-faso-la-depouille-de-dj-lova-le-griot-enfin-rapatriee-en-cote-divoire\/\"},\"wordCount\":231,\"commentCount\":0,\"publisher\":{\"@id\":\"https:\/\/7culture.ci\/#organization\"},\"articleSection\":[\"Actualit\u00e9\"],\"inLanguage\":\"fr-FR\",\"potentialAction\":[{\"@type\":\"CommentAction\",\"name\":\"Comment\",\"target\":[\"https:\/\/7culture.ci\/index.php\/2021\/04\/29\/decede-au-burkina-faso-la-depouille-de-dj-lova-le-griot-enfin-rapatriee-en-cote-divoire\/#respond\"]}]},{\"@type\":\"WebPage\",\"@id\":\"https:\/\/7culture.ci\/index.php\/2021\/04\/29\/decede-au-burkina-faso-la-depouille-de-dj-lova-le-griot-enfin-rapatriee-en-cote-divoire\/\",\"url\":\"https:\/\/7culture.ci\/index.php\/2021\/04\/29\/decede-au-burkina-faso-la-depouille-de-dj-lova-le-griot-enfin-rapatriee-en-cote-divoire\/\",\"name\":\"D\u00c9C\u00c9D\u00c9 AU BURKINA FASO, LA D\u00c9POUILLE DE DJ LOVA LE GRIOT, ENFIN RAPATRI\u00c9E EN C\u00d4TE D\u2019IVOIRE - 7culture\",\"isPartOf\":{\"@id\":\"https:\/\/7culture.ci\/#website\"},\"datePublished\":\"2021-04-29T18:07:48+00:00\",\"dateModified\":\"2021-04-29T18:07:48+00:00\",\"breadcrumb\":{\"@id\":\"https:\/\/7culture.ci\/index.php\/2021\/04\/29\/decede-au-burkina-faso-la-depouille-de-dj-lova-le-griot-enfin-rapatriee-en-cote-divoire\/#breadcrumb\"},\"inLanguage\":\"fr-FR\",\"potentialAction\":[{\"@type\":\"ReadAction\",\"target\":[\"https:\/\/7culture.ci\/index.php\/2021\/04\/29\/decede-au-burkina-faso-la-depouille-de-dj-lova-le-griot-enfin-rapatriee-en-cote-divoire\/\"]}]},{\"@type\":\"BreadcrumbList\",\"@id\":\"https:\/\/7culture.ci\/index.php\/2021\/04\/29\/decede-au-burkina-faso-la-depouille-de-dj-lova-le-griot-enfin-rapatriee-en-cote-divoire\/#breadcrumb\",\"itemListElement\":[{\"@type\":\"ListItem\",\"position\":1,\"name\":\"Accueil\",\"item\":\"https:\/\/7culture.ci\/\"},{\"@type\":\"ListItem\",\"position\":2,\"name\":\"D\u00c9C\u00c9D\u00c9 AU BURKINA FASO, LA D\u00c9POUILLE DE DJ LOVA LE GRIOT, ENFIN RAPATRI\u00c9E EN C\u00d4TE D\u2019IVOIRE\"}]},{\"@type\":\"WebSite\",\"@id\":\"https:\/\/7culture.ci\/#website\",\"url\":\"https:\/\/7culture.ci\/\",\"name\":\"7culture\",\"description\":\"Tout sur l&#039;actualit\u00e9\",\"publisher\":{\"@id\":\"https:\/\/7culture.ci\/#organization\"},\"potentialAction\":[{\"@type\":\"SearchAction\",\"target\":{\"@type\":\"EntryPoint\",\"urlTemplate\":\"https:\/\/7culture.ci\/?s={search_term_string}\"},\"query-input\":\"required name=search_term_string\"}],\"inLanguage\":\"fr-FR\"},{\"@type\":\"Organization\",\"@id\":\"https:\/\/7culture.ci\/#organization\",\"name\":\"7culture\",\"url\":\"https:\/\/7culture.ci\/\",\"sameAs\":[\"https:\/\/www.facebook.com\/redchefclaude\",\"https:\/\/twitter.com\/7culturec\"],\"logo\":{\"@type\":\"ImageObject\",\"inLanguage\":\"fr-FR\",\"@id\":\"https:\/\/7culture.ci\/#\/schema\/logo\/image\/\",\"url\":\"https:\/\/7culture.ci\/wp-content\/uploads\/2021\/12\/S1a-1.png\",\"contentUrl\":\"https:\/\/7culture.ci\/wp-content\/uploads\/2021\/12\/S1a-1.png\",\"width\":588,\"height\":192,\"caption\":\"7culture\"},\"image\":{\"@id\":\"https:\/\/7culture.ci\/#\/schema\/logo\/image\/\"}},{\"@type\":\"Person\",\"@id\":\"https:\/\/7culture.ci\/#\/schema\/person\/ac6600b76b439b1d2b8a3b734da1a17b\",\"name\":\"Waly Tani\",\"image\":{\"@type\":\"ImageObject\",\"inLanguage\":\"fr-FR\",\"@id\":\"https:\/\/7culture.ci\/#\/schema\/person\/image\/\",\"url\":\"https:\/\/secure.gravatar.com\/avatar\/f4ffa85bd7cfe6e4376efc1fd606cdb7?s=96&d=mm&r=g\",\"contentUrl\":\"https:\/\/secure.gravatar.com\/avatar\/f4ffa85bd7cfe6e4376efc1fd606cdb7?s=96&d=mm&r=g\",\"caption\":\"Waly Tani\"},\"url\":\"https:\/\/7culture.ci\/index.php\/author\/waly-tani\/\"}]}<\/script>\n<!-- \/ Yoast SEO plugin. -->","yoast_head_json":{"title":"D\u00c9C\u00c9D\u00c9 AU BURKINA FASO, LA D\u00c9POUILLE DE DJ LOVA LE GRIOT, ENFIN RAPATRI\u00c9E EN C\u00d4TE D\u2019IVOIRE - 7culture","robots":{"index":"index","follow":"follow","max-snippet":"max-snippet:-1","max-image-preview":"max-image-preview:large","max-video-preview":"max-video-preview:-1"},"canonical":"https:\/\/7culture.ci\/index.php\/2021\/04\/29\/decede-au-burkina-faso-la-depouille-de-dj-lova-le-griot-enfin-rapatriee-en-cote-divoire\/","og_locale":"fr_FR","og_type":"article","og_title":"D\u00c9C\u00c9D\u00c9 AU BURKINA FASO, LA D\u00c9POUILLE DE DJ LOVA LE GRIOT, ENFIN RAPATRI\u00c9E EN C\u00d4TE D\u2019IVOIRE - 7culture","og_description":"D\u00e9c\u00e9d\u00e9 le vendredi 16 avril 2021, des suites d\u2019une crise \u00e0 Ouagadougou, dans la capitale du Burkina Faso, la d\u00e9pouille du jeune artiste ivoirien Nombr\u00e9 Loubou\u00e9, plus connu sous le pseudonyme de DJ Lova le Griot, n\u2019avait pu \u00eatre rapatri\u00e9e \u00e0 Abidjan. C\u2019est d\u00e9sormais chose faite depuis, le mercredi 28 avril 2021. Ce, gr\u00e2ce \u00e0 &hellip; D\u00c9C\u00c9D\u00c9 AU BURKINA FASO, LA D\u00c9POUILLE DE DJ LOVA LE GRIOT, ENFIN RAPATRI\u00c9E EN C\u00d4TE D\u2019IVOIRE Lire la suite\u00a0\u00bb","og_url":"https:\/\/7culture.ci\/index.php\/2021\/04\/29\/decede-au-burkina-faso-la-depouille-de-dj-lova-le-griot-enfin-rapatriee-en-cote-divoire\/","og_site_name":"7culture","article_publisher":"https:\/\/www.facebook.com\/redchefclaude","article_published_time":"2021-04-29T18:07:48+00:00","author":"Waly Tani","twitter_card":"summary_large_image","twitter_creator":"@7culturec","twitter_site":"@7culturec","twitter_misc":{"\u00c9crit par":"Waly Tani","Dur\u00e9e de lecture estim\u00e9e":"1 minute"},"schema":{"@context":"https:\/\/schema.org","@graph":[{"@type":"Article","@id":"https:\/\/7culture.ci\/index.php\/2021\/04\/29\/decede-au-burkina-faso-la-depouille-de-dj-lova-le-griot-enfin-rapatriee-en-cote-divoire\/#article","isPartOf":{"@id":"https:\/\/7culture.ci\/index.php\/2021\/04\/29\/decede-au-burkina-faso-la-depouille-de-dj-lova-le-griot-enfin-rapatriee-en-cote-divoire\/"},"author":{"name":"Waly Tani","@id":"https:\/\/7culture.ci\/#\/schema\/person\/ac6600b76b439b1d2b8a3b734da1a17b"},"headline":"D\u00c9C\u00c9D\u00c9 AU BURKINA FASO, LA D\u00c9POUILLE DE DJ LOVA LE GRIOT, ENFIN RAPATRI\u00c9E EN C\u00d4TE D\u2019IVOIRE","datePublished":"2021-04-29T18:07:48+00:00","dateModified":"2021-04-29T18:07:48+00:00","mainEntityOfPage":{"@id":"https:\/\/7culture.ci\/index.php\/2021\/04\/29\/decede-au-burkina-faso-la-depouille-de-dj-lova-le-griot-enfin-rapatriee-en-cote-divoire\/"},"wordCount":231,"commentCount":0,"publisher":{"@id":"https:\/\/7culture.ci\/#organization"},"articleSection":["Actualit\u00e9"],"inLanguage":"fr-FR","potentialAction":[{"@type":"CommentAction","name":"Comment","target":["https:\/\/7culture.ci\/index.php\/2021\/04\/29\/decede-au-burkina-faso-la-depouille-de-dj-lova-le-griot-enfin-rapatriee-en-cote-divoire\/#respond"]}]},{"@type":"WebPage","@id":"https:\/\/7culture.ci\/index.php\/2021\/04\/29\/decede-au-burkina-faso-la-depouille-de-dj-lova-le-griot-enfin-rapatriee-en-cote-divoire\/","url":"https:\/\/7culture.ci\/index.php\/2021\/04\/29\/decede-au-burkina-faso-la-depouille-de-dj-lova-le-griot-enfin-rapatriee-en-cote-divoire\/","name":"D\u00c9C\u00c9D\u00c9 AU BURKINA FASO, LA D\u00c9POUILLE DE DJ LOVA LE GRIOT, ENFIN RAPATRI\u00c9E EN C\u00d4TE D\u2019IVOIRE - 7culture","isPartOf":{"@id":"https:\/\/7culture.ci\/#website"},"datePublished":"2021-04-29T18:07:48+00:00","dateModified":"2021-04-29T18:07:48+00:00","breadcrumb":{"@id":"https:\/\/7culture.ci\/index.php\/2021\/04\/29\/decede-au-burkina-faso-la-depouille-de-dj-lova-le-griot-enfin-rapatriee-en-cote-divoire\/#breadcrumb"},"inLanguage":"fr-FR","potentialAction":[{"@type":"ReadAction","target":["https:\/\/7culture.ci\/index.php\/2021\/04\/29\/decede-au-burkina-faso-la-depouille-de-dj-lova-le-griot-enfin-rapatriee-en-cote-divoire\/"]}]},{"@type":"BreadcrumbList","@id":"https:\/\/7culture.ci\/index.php\/2021\/04\/29\/decede-au-burkina-faso-la-depouille-de-dj-lova-le-griot-enfin-rapatriee-en-cote-divoire\/#breadcrumb","itemListElement":[{"@type":"ListItem","position":1,"name":"Accueil","item":"https:\/\/7culture.ci\/"},{"@type":"ListItem","position":2,"name":"D\u00c9C\u00c9D\u00c9 AU BURKINA FASO, LA D\u00c9POUILLE DE DJ LOVA LE GRIOT, ENFIN RAPATRI\u00c9E EN C\u00d4TE D\u2019IVOIRE"}]},{"@type":"WebSite","@id":"https:\/\/7culture.ci\/#website","url":"https:\/\/7culture.ci\/","name":"7culture","description":"Tout sur l&#039;actualit\u00e9","publisher":{"@id":"https:\/\/7culture.ci\/#organization"},"potentialAction":[{"@type":"SearchAction","target":{"@type":"EntryPoint","urlTemplate":"https:\/\/7culture.ci\/?s={search_term_string}"},"query-input":"required name=search_term_string"}],"inLanguage":"fr-FR"},{"@type":"Organization","@id":"https:\/\/7culture.ci\/#organization","name":"7culture","url":"https:\/\/7culture.ci\/","sameAs":["https:\/\/www.facebook.com\/redchefclaude","https:\/\/twitter.com\/7culturec"],"logo":{"@type":"ImageObject","inLanguage":"fr-FR","@id":"https:\/\/7culture.ci\/#\/schema\/logo\/image\/","url":"https:\/\/7culture.ci\/wp-content\/uploads\/2021\/12\/S1a-1.png","contentUrl":"https:\/\/7culture.ci\/wp-content\/uploads\/2021\/12\/S1a-1.png","width":588,"height":192,"caption":"7culture"},"image":{"@id":"https:\/\/7culture.ci\/#\/schema\/logo\/image\/"}},{"@type":"Person","@id":"https:\/\/7culture.ci\/#\/schema\/person\/ac6600b76b439b1d2b8a3b734da1a17b","name":"Waly Tani","image":{"@type":"ImageObject","inLanguage":"fr-FR","@id":"https:\/\/7culture.ci\/#\/schema\/person\/image\/","url":"https:\/\/secure.gravatar.com\/avatar\/f4ffa85bd7cfe6e4376efc1fd606cdb7?s=96&d=mm&r=g","contentUrl":"https:\/\/secure.gravatar.com\/avatar\/f4ffa85bd7cfe6e4376efc1fd606cdb7?s=96&d=mm&r=g","caption":"Waly Tani"},"url":"https:\/\/7culture.ci\/index.php\/author\/waly-tani\/"}]}},"jetpack_featured_media_url":"","jetpack_likes_enabled":true,"jetpack_sharing_enabled":true,"_links":{"self":[{"href":"https:\/\/7culture.ci\/index.php\/wp-json\/wp\/v2\/posts\/10137"}],"collection":[{"href":"https:\/\/7culture.ci\/index.php\/wp-json\/wp\/v2\/posts"}],"about":[{"href":"https:\/\/7culture.ci\/index.php\/wp-json\/wp\/v2\/types\/post"}],"author":[{"embeddable":true,"href":"https:\/\/7culture.ci\/index.php\/wp-json\/wp\/v2\/users\/4"}],"replies":[{"embeddable":true,"href":"https:\/\/7culture.ci\/index.php\/wp-json\/wp\/v2\/comments?post=10137"}],"version-history":[{"count":0,"href":"https:\/\/7culture.ci\/index.php\/wp-json\/wp\/v2\/posts\/10137\/revisions"}],"wp:featuredmedia":[{"embeddable":true,"href":"https:\/\/7culture.ci\/index.php\/wp-json\/"}],"wp:attachment":[{"href":"https:\/\/7culture.ci\/index.php\/wp-json\/wp\/v2\/media?parent=10137"}],"wp:term":[{"taxonomy":"category","embeddable":true,"href":"https:\/\/7culture.ci\/index.php\/wp-json\/wp\/v2\/categories?post=10137"},{"taxonomy":"post_tag","embeddable":true,"href":"https:\/\/7culture.ci\/index.php\/wp-json\/wp\/v2\/tags?post=10137"}],"curies":[{"name":"wp","href":"https:\/\/api.w.org\/{rel}","templated":true}]}}