{"id":10012,"date":"2021-04-27T17:22:09","date_gmt":"2021-04-27T17:22:09","guid":{"rendered":"https:\/\/7culture.ci\/index.php\/2021\/04\/27\/repartition-inegale-des-vaccins-de-la-covid-19-selena-gomez-interpelle-emmanuel-macron\/"},"modified":"2021-04-27T17:22:09","modified_gmt":"2021-04-27T17:22:09","slug":"repartition-inegale-des-vaccins-de-la-covid-19-selena-gomez-interpelle-emmanuel-macron","status":"publish","type":"post","link":"https:\/\/7culture.ci\/index.php\/2021\/04\/27\/repartition-inegale-des-vaccins-de-la-covid-19-selena-gomez-interpelle-emmanuel-macron\/","title":{"rendered":"R\u00c9PARTITION IN\u00c9GALE DES VACCINS DE LA COVID-19 : SELENA GOMEZ INTERPELLE EMMANUEL MACRON"},"content":{"rendered":"\n<p>Dans la lutte contre la pand\u00e9mie de la Covid-19, la chanteuse et actrice am\u00e9ricaine Selena Gomez a d\u00e9cid\u00e9 de s\u2019engager pour une r\u00e9partition \u00e9gale des vaccins dans le monde. Elle va donc organiser un concert caritatif, le 8 mai 2021, pour r\u00e9colter des fonds pour un meilleur acc\u00e8s \u00e0 la vaccination dans les pays les plus d\u00e9favoris\u00e9s.<\/p>\n\n\n\n<figure class=\\\"wp-block-image size-large is-resized\\\"><img src=\\\"http:\/\/7culture.ci\/fbf\/uploads\/2020\/07\/messika-selena-gomez-1-731x1024.jpg\\\" alt=\\\"\\\" class=\\\"wp-image-10015\\\" width=\\\"574\\\" height=\\\"804\\\"\/><figcaption>Selena Gomez<\/figcaption><\/figure>\n\n\n\n<p>Dans le cadre de cet \u00e9v\u00e9nement, elle a interpell\u00e9 plusieurs dirigeants sur Twitter, dont le pr\u00e9sident fran\u00e7ais Emmanuel Macron. \u00ab&nbsp;<strong><em>S\u2019il vous pla\u00eet, rejoignez-moi et envoyez un message au pr\u00e9sident fran\u00e7ais Emmanuel Macron ainsi qu\u2019\u00e0 d\u2019autres dirigeants du G7 pour leur demander de fournir des fonds et des doses, afin d\u2019aider chacun dans le monde pour combattre l\u2019\u00e9pid\u00e9mie<\/em><\/strong>&nbsp;\u00bb, a twitt\u00e9 Selena Gomez. &nbsp;<\/p>\n\n\n\n<div class=\\\"wp-block-image\\\"><figure class=\\\"aligncenter size-large\\\"><img src=\\\"http:\/\/7culture.ci\/fbf\/uploads\/2020\/07\/eliot_blondet_abacapress_jpg_9145_north_446x655_transparent.jpg\\\" alt=\\\"\\\" class=\\\"wp-image-10016\\\"\/><figcaption>Emmanuel Macron<\/figcaption><\/figure><\/div>\n\n\n\n<p>Le chef de l\u2019\u00c9tat fran\u00e7ais, n\u2019a pas mis beaucoup de temps \u00e0 lui r\u00e9pondre. \u00ab&nbsp;<strong><em>Ch\u00e8re Selena Gomez, merci de porter ce message crucial aupr\u00e8s de tous les dirigeants. La France a d\u00e9j\u00e0 commenc\u00e9 \u00e0 envoyer ses premi\u00e8res doses de vaccin en Afrique par le biais du syst\u00e8me Covax, et ce n\u2019est que le d\u00e9but. Merci de faire passer le message! Soutenons les plus d\u00e9favoris\u00e9s. D\u00e8s maintenant<\/em><\/strong>&nbsp;\u00bb, a-t-il \u00e9crit. D\u2019autres dirigeants ont r\u00e9pondu \u00e0 l\u2019appel de la star am\u00e9ricaine sur Twitter. Pedro Sanchez, pr\u00e9sident du gouvernement espagnol, lui a post\u00e9: \u00ab&nbsp;<strong><em>L\u2019Espagne est engag\u00e9e pour un acc\u00e8s \u00e9gal et \u00e9quitable des vaccins. Cette semaine, j\u2019ai annonc\u00e9 que nous rendrons 7.5 millions de doses disponibles pour l\u2019Am\u00e9rique latine et les Cara\u00efbes cette ann\u00e9e. Il n\u2019y a qu\u2019ensemble que nous r\u00e9ussirons<\/em><\/strong>&nbsp;\u00bb.<\/p>\n\n\n\n<div class=\\\"wp-block-image\\\"><figure class=\\\"alignright size-large is-resized\\\"><img src=\\\"http:\/\/7culture.ci\/fbf\/uploads\/2020\/07\/image-6.jpg\\\" alt=\\\"\\\" class=\\\"wp-image-10017\\\" width=\\\"795\\\" height=\\\"449\\\"\/><figcaption>Pedro Sanchez <\/figcaption><\/figure><\/div>\n\n\n\n<p>D\u00e9nomm\u00e9 \u2018\u2019Vax Live: The Concert To Reunite The World\u2019\u2019, le concert de &nbsp;Selena Gomez sera pr\u00e9enregistr\u00e9 et diffus\u00e9 sur YouTube et sur plusieurs cha\u00eenes am\u00e9ricaines le 8 mai prochain. Plusieurs c\u00e9l\u00e9brit\u00e9s seront pr\u00e9sentes, notamment Jennifer Lopez, Balvin, H.E.R. et les Foo Fighters.<\/p>\n\n\n\n<p><strong>Adams T\u00a0<\/strong><\/p>\n","protected":false},"excerpt":{"rendered":"<p>Dans la lutte contre la pand\u00e9mie de la Covid-19, la chanteuse et actrice am\u00e9ricaine Selena Gomez a d\u00e9cid\u00e9 de s\u2019engager pour une r\u00e9partition \u00e9gale des vaccins dans le monde. Elle va donc organiser un concert caritatif, le 8 mai 2021, pour r\u00e9colter des fonds pour un meilleur acc\u00e8s \u00e0 la vaccination dans les pays les &hellip;<\/p>\n<p class=\"read-more\"> <a class=\"\" href=\"https:\/\/7culture.ci\/index.php\/2021\/04\/27\/repartition-inegale-des-vaccins-de-la-covid-19-selena-gomez-interpelle-emmanuel-macron\/\"> <span class=\"screen-reader-text\">R\u00c9PARTITION IN\u00c9GALE DES VACCINS DE LA COVID-19 : SELENA GOMEZ INTERPELLE EMMANUEL MACRON<\/span> Lire la suite\u00a0\u00bb<\/a><\/p>\n","protected":false},"author":4,"featured_media":10014,"comment_status":"open","ping_status":"closed","sticky":false,"template":"","format":"standard","meta":{"_mi_skip_tracking":false,"_monsterinsights_sitenote_active":false,"_monsterinsights_sitenote_note":"","_monsterinsights_sitenote_category":0,"site-sidebar-layout":"default","site-content-layout":"default","ast-global-header-display":"","ast-main-header-display":"","ast-hfb-above-header-display":"","ast-hfb-below-header-display":"","ast-hfb-mobile-header-display":"","site-post-title":"","ast-breadcrumbs-content":"","ast-featured-img":"","footer-sml-layout":"","theme-transparent-header-meta":"","adv-header-id-meta":"","stick-header-meta":"","header-above-stick-meta":"","header-main-stick-meta":"","header-below-stick-meta":"","footnotes":"","jetpack_publicize_message":"","jetpack_is_tweetstorm":false,"jetpack_publicize_feature_enabled":true},"categories":[22],"tags":[],"jetpack_publicize_connections":[],"acf":[],"aioseo_notices":[],"yoast_head":"<!-- This site is optimized with the Yoast SEO plugin v19.6.1 - https:\/\/yoast.com\/wordpress\/plugins\/seo\/ -->\n<title>R\u00c9PARTITION IN\u00c9GALE DES VACCINS DE LA COVID-19 : SELENA GOMEZ INTERPELLE EMMANUEL MACRON - 7culture<\/title>\n<meta name=\"robots\" content=\"index, follow, max-snippet:-1, max-image-preview:large, max-video-preview:-1\" \/>\n<link rel=\"canonical\" href=\"https:\/\/7culture.ci\/index.php\/2021\/04\/27\/repartition-inegale-des-vaccins-de-la-covid-19-selena-gomez-interpelle-emmanuel-macron\/\" \/>\n<meta property=\"og:locale\" content=\"fr_FR\" \/>\n<meta property=\"og:type\" content=\"article\" \/>\n<meta property=\"og:title\" content=\"R\u00c9PARTITION IN\u00c9GALE DES VACCINS DE LA COVID-19 : SELENA GOMEZ INTERPELLE EMMANUEL MACRON - 7culture\" \/>\n<meta property=\"og:description\" content=\"Dans la lutte contre la pand\u00e9mie de la Covid-19, la chanteuse et actrice am\u00e9ricaine Selena Gomez a d\u00e9cid\u00e9 de s\u2019engager pour une r\u00e9partition \u00e9gale des vaccins dans le monde. Elle va donc organiser un concert caritatif, le 8 mai 2021, pour r\u00e9colter des fonds pour un meilleur acc\u00e8s \u00e0 la vaccination dans les pays les &hellip; R\u00c9PARTITION IN\u00c9GALE DES VACCINS DE LA COVID-19 : SELENA GOMEZ INTERPELLE EMMANUEL MACRON Lire la suite\u00a0\u00bb\" \/>\n<meta property=\"og:url\" content=\"https:\/\/7culture.ci\/index.php\/2021\/04\/27\/repartition-inegale-des-vaccins-de-la-covid-19-selena-gomez-interpelle-emmanuel-macron\/\" \/>\n<meta property=\"og:site_name\" content=\"7culture\" \/>\n<meta property=\"article:publisher\" content=\"https:\/\/www.facebook.com\/redchefclaude\" \/>\n<meta property=\"article:published_time\" content=\"2021-04-27T17:22:09+00:00\" \/>\n<meta name=\"author\" content=\"Waly Tani\" \/>\n<meta name=\"twitter:card\" content=\"summary_large_image\" \/>\n<meta name=\"twitter:creator\" content=\"@7culturec\" \/>\n<meta name=\"twitter:site\" content=\"@7culturec\" \/>\n<meta name=\"twitter:label1\" content=\"\u00c9crit par\" \/>\n\t<meta name=\"twitter:data1\" content=\"Waly Tani\" \/>\n\t<meta name=\"twitter:label2\" content=\"Dur\u00e9e de lecture estim\u00e9e\" \/>\n\t<meta name=\"twitter:data2\" content=\"2 minutes\" \/>\n<script type=\"application\/ld+json\" class=\"yoast-schema-graph\">{\"@context\":\"https:\/\/schema.org\",\"@graph\":[{\"@type\":\"Article\",\"@id\":\"https:\/\/7culture.ci\/index.php\/2021\/04\/27\/repartition-inegale-des-vaccins-de-la-covid-19-selena-gomez-interpelle-emmanuel-macron\/#article\",\"isPartOf\":{\"@id\":\"https:\/\/7culture.ci\/index.php\/2021\/04\/27\/repartition-inegale-des-vaccins-de-la-covid-19-selena-gomez-interpelle-emmanuel-macron\/\"},\"author\":{\"name\":\"Waly Tani\",\"@id\":\"https:\/\/7culture.ci\/#\/schema\/person\/ac6600b76b439b1d2b8a3b734da1a17b\"},\"headline\":\"R\u00c9PARTITION IN\u00c9GALE DES VACCINS DE LA COVID-19 : SELENA GOMEZ INTERPELLE EMMANUEL MACRON\",\"datePublished\":\"2021-04-27T17:22:09+00:00\",\"dateModified\":\"2021-04-27T17:22:09+00:00\",\"mainEntityOfPage\":{\"@id\":\"https:\/\/7culture.ci\/index.php\/2021\/04\/27\/repartition-inegale-des-vaccins-de-la-covid-19-selena-gomez-interpelle-emmanuel-macron\/\"},\"wordCount\":369,\"commentCount\":0,\"publisher\":{\"@id\":\"https:\/\/7culture.ci\/#organization\"},\"articleSection\":[\"Actualit\u00e9\"],\"inLanguage\":\"fr-FR\",\"potentialAction\":[{\"@type\":\"CommentAction\",\"name\":\"Comment\",\"target\":[\"https:\/\/7culture.ci\/index.php\/2021\/04\/27\/repartition-inegale-des-vaccins-de-la-covid-19-selena-gomez-interpelle-emmanuel-macron\/#respond\"]}]},{\"@type\":\"WebPage\",\"@id\":\"https:\/\/7culture.ci\/index.php\/2021\/04\/27\/repartition-inegale-des-vaccins-de-la-covid-19-selena-gomez-interpelle-emmanuel-macron\/\",\"url\":\"https:\/\/7culture.ci\/index.php\/2021\/04\/27\/repartition-inegale-des-vaccins-de-la-covid-19-selena-gomez-interpelle-emmanuel-macron\/\",\"name\":\"R\u00c9PARTITION IN\u00c9GALE DES VACCINS DE LA COVID-19 : SELENA GOMEZ INTERPELLE EMMANUEL MACRON - 7culture\",\"isPartOf\":{\"@id\":\"https:\/\/7culture.ci\/#website\"},\"datePublished\":\"2021-04-27T17:22:09+00:00\",\"dateModified\":\"2021-04-27T17:22:09+00:00\",\"breadcrumb\":{\"@id\":\"https:\/\/7culture.ci\/index.php\/2021\/04\/27\/repartition-inegale-des-vaccins-de-la-covid-19-selena-gomez-interpelle-emmanuel-macron\/#breadcrumb\"},\"inLanguage\":\"fr-FR\",\"potentialAction\":[{\"@type\":\"ReadAction\",\"target\":[\"https:\/\/7culture.ci\/index.php\/2021\/04\/27\/repartition-inegale-des-vaccins-de-la-covid-19-selena-gomez-interpelle-emmanuel-macron\/\"]}]},{\"@type\":\"BreadcrumbList\",\"@id\":\"https:\/\/7culture.ci\/index.php\/2021\/04\/27\/repartition-inegale-des-vaccins-de-la-covid-19-selena-gomez-interpelle-emmanuel-macron\/#breadcrumb\",\"itemListElement\":[{\"@type\":\"ListItem\",\"position\":1,\"name\":\"Accueil\",\"item\":\"https:\/\/7culture.ci\/\"},{\"@type\":\"ListItem\",\"position\":2,\"name\":\"R\u00c9PARTITION IN\u00c9GALE DES VACCINS DE LA COVID-19 : SELENA GOMEZ INTERPELLE EMMANUEL MACRON\"}]},{\"@type\":\"WebSite\",\"@id\":\"https:\/\/7culture.ci\/#website\",\"url\":\"https:\/\/7culture.ci\/\",\"name\":\"7culture\",\"description\":\"Tout sur l&#039;actualit\u00e9\",\"publisher\":{\"@id\":\"https:\/\/7culture.ci\/#organization\"},\"potentialAction\":[{\"@type\":\"SearchAction\",\"target\":{\"@type\":\"EntryPoint\",\"urlTemplate\":\"https:\/\/7culture.ci\/?s={search_term_string}\"},\"query-input\":\"required name=search_term_string\"}],\"inLanguage\":\"fr-FR\"},{\"@type\":\"Organization\",\"@id\":\"https:\/\/7culture.ci\/#organization\",\"name\":\"7culture\",\"url\":\"https:\/\/7culture.ci\/\",\"sameAs\":[\"https:\/\/www.facebook.com\/redchefclaude\",\"https:\/\/twitter.com\/7culturec\"],\"logo\":{\"@type\":\"ImageObject\",\"inLanguage\":\"fr-FR\",\"@id\":\"https:\/\/7culture.ci\/#\/schema\/logo\/image\/\",\"url\":\"https:\/\/7culture.ci\/wp-content\/uploads\/2021\/12\/S1a-1.png\",\"contentUrl\":\"https:\/\/7culture.ci\/wp-content\/uploads\/2021\/12\/S1a-1.png\",\"width\":588,\"height\":192,\"caption\":\"7culture\"},\"image\":{\"@id\":\"https:\/\/7culture.ci\/#\/schema\/logo\/image\/\"}},{\"@type\":\"Person\",\"@id\":\"https:\/\/7culture.ci\/#\/schema\/person\/ac6600b76b439b1d2b8a3b734da1a17b\",\"name\":\"Waly Tani\",\"image\":{\"@type\":\"ImageObject\",\"inLanguage\":\"fr-FR\",\"@id\":\"https:\/\/7culture.ci\/#\/schema\/person\/image\/\",\"url\":\"https:\/\/secure.gravatar.com\/avatar\/f4ffa85bd7cfe6e4376efc1fd606cdb7?s=96&d=mm&r=g\",\"contentUrl\":\"https:\/\/secure.gravatar.com\/avatar\/f4ffa85bd7cfe6e4376efc1fd606cdb7?s=96&d=mm&r=g\",\"caption\":\"Waly Tani\"},\"url\":\"https:\/\/7culture.ci\/index.php\/author\/waly-tani\/\"}]}<\/script>\n<!-- \/ Yoast SEO plugin. -->","yoast_head_json":{"title":"R\u00c9PARTITION IN\u00c9GALE DES VACCINS DE LA COVID-19 : SELENA GOMEZ INTERPELLE EMMANUEL MACRON - 7culture","robots":{"index":"index","follow":"follow","max-snippet":"max-snippet:-1","max-image-preview":"max-image-preview:large","max-video-preview":"max-video-preview:-1"},"canonical":"https:\/\/7culture.ci\/index.php\/2021\/04\/27\/repartition-inegale-des-vaccins-de-la-covid-19-selena-gomez-interpelle-emmanuel-macron\/","og_locale":"fr_FR","og_type":"article","og_title":"R\u00c9PARTITION IN\u00c9GALE DES VACCINS DE LA COVID-19 : SELENA GOMEZ INTERPELLE EMMANUEL MACRON - 7culture","og_description":"Dans la lutte contre la pand\u00e9mie de la Covid-19, la chanteuse et actrice am\u00e9ricaine Selena Gomez a d\u00e9cid\u00e9 de s\u2019engager pour une r\u00e9partition \u00e9gale des vaccins dans le monde. Elle va donc organiser un concert caritatif, le 8 mai 2021, pour r\u00e9colter des fonds pour un meilleur acc\u00e8s \u00e0 la vaccination dans les pays les &hellip; R\u00c9PARTITION IN\u00c9GALE DES VACCINS DE LA COVID-19 : SELENA GOMEZ INTERPELLE EMMANUEL MACRON Lire la suite\u00a0\u00bb","og_url":"https:\/\/7culture.ci\/index.php\/2021\/04\/27\/repartition-inegale-des-vaccins-de-la-covid-19-selena-gomez-interpelle-emmanuel-macron\/","og_site_name":"7culture","article_publisher":"https:\/\/www.facebook.com\/redchefclaude","article_published_time":"2021-04-27T17:22:09+00:00","author":"Waly Tani","twitter_card":"summary_large_image","twitter_creator":"@7culturec","twitter_site":"@7culturec","twitter_misc":{"\u00c9crit par":"Waly Tani","Dur\u00e9e de lecture estim\u00e9e":"2 minutes"},"schema":{"@context":"https:\/\/schema.org","@graph":[{"@type":"Article","@id":"https:\/\/7culture.ci\/index.php\/2021\/04\/27\/repartition-inegale-des-vaccins-de-la-covid-19-selena-gomez-interpelle-emmanuel-macron\/#article","isPartOf":{"@id":"https:\/\/7culture.ci\/index.php\/2021\/04\/27\/repartition-inegale-des-vaccins-de-la-covid-19-selena-gomez-interpelle-emmanuel-macron\/"},"author":{"name":"Waly Tani","@id":"https:\/\/7culture.ci\/#\/schema\/person\/ac6600b76b439b1d2b8a3b734da1a17b"},"headline":"R\u00c9PARTITION IN\u00c9GALE DES VACCINS DE LA COVID-19 : SELENA GOMEZ INTERPELLE EMMANUEL MACRON","datePublished":"2021-04-27T17:22:09+00:00","dateModified":"2021-04-27T17:22:09+00:00","mainEntityOfPage":{"@id":"https:\/\/7culture.ci\/index.php\/2021\/04\/27\/repartition-inegale-des-vaccins-de-la-covid-19-selena-gomez-interpelle-emmanuel-macron\/"},"wordCount":369,"commentCount":0,"publisher":{"@id":"https:\/\/7culture.ci\/#organization"},"articleSection":["Actualit\u00e9"],"inLanguage":"fr-FR","potentialAction":[{"@type":"CommentAction","name":"Comment","target":["https:\/\/7culture.ci\/index.php\/2021\/04\/27\/repartition-inegale-des-vaccins-de-la-covid-19-selena-gomez-interpelle-emmanuel-macron\/#respond"]}]},{"@type":"WebPage","@id":"https:\/\/7culture.ci\/index.php\/2021\/04\/27\/repartition-inegale-des-vaccins-de-la-covid-19-selena-gomez-interpelle-emmanuel-macron\/","url":"https:\/\/7culture.ci\/index.php\/2021\/04\/27\/repartition-inegale-des-vaccins-de-la-covid-19-selena-gomez-interpelle-emmanuel-macron\/","name":"R\u00c9PARTITION IN\u00c9GALE DES VACCINS DE LA COVID-19 : SELENA GOMEZ INTERPELLE EMMANUEL MACRON - 7culture","isPartOf":{"@id":"https:\/\/7culture.ci\/#website"},"datePublished":"2021-04-27T17:22:09+00:00","dateModified":"2021-04-27T17:22:09+00:00","breadcrumb":{"@id":"https:\/\/7culture.ci\/index.php\/2021\/04\/27\/repartition-inegale-des-vaccins-de-la-covid-19-selena-gomez-interpelle-emmanuel-macron\/#breadcrumb"},"inLanguage":"fr-FR","potentialAction":[{"@type":"ReadAction","target":["https:\/\/7culture.ci\/index.php\/2021\/04\/27\/repartition-inegale-des-vaccins-de-la-covid-19-selena-gomez-interpelle-emmanuel-macron\/"]}]},{"@type":"BreadcrumbList","@id":"https:\/\/7culture.ci\/index.php\/2021\/04\/27\/repartition-inegale-des-vaccins-de-la-covid-19-selena-gomez-interpelle-emmanuel-macron\/#breadcrumb","itemListElement":[{"@type":"ListItem","position":1,"name":"Accueil","item":"https:\/\/7culture.ci\/"},{"@type":"ListItem","position":2,"name":"R\u00c9PARTITION IN\u00c9GALE DES VACCINS DE LA COVID-19 : SELENA GOMEZ INTERPELLE EMMANUEL MACRON"}]},{"@type":"WebSite","@id":"https:\/\/7culture.ci\/#website","url":"https:\/\/7culture.ci\/","name":"7culture","description":"Tout sur l&#039;actualit\u00e9","publisher":{"@id":"https:\/\/7culture.ci\/#organization"},"potentialAction":[{"@type":"SearchAction","target":{"@type":"EntryPoint","urlTemplate":"https:\/\/7culture.ci\/?s={search_term_string}"},"query-input":"required name=search_term_string"}],"inLanguage":"fr-FR"},{"@type":"Organization","@id":"https:\/\/7culture.ci\/#organization","name":"7culture","url":"https:\/\/7culture.ci\/","sameAs":["https:\/\/www.facebook.com\/redchefclaude","https:\/\/twitter.com\/7culturec"],"logo":{"@type":"ImageObject","inLanguage":"fr-FR","@id":"https:\/\/7culture.ci\/#\/schema\/logo\/image\/","url":"https:\/\/7culture.ci\/wp-content\/uploads\/2021\/12\/S1a-1.png","contentUrl":"https:\/\/7culture.ci\/wp-content\/uploads\/2021\/12\/S1a-1.png","width":588,"height":192,"caption":"7culture"},"image":{"@id":"https:\/\/7culture.ci\/#\/schema\/logo\/image\/"}},{"@type":"Person","@id":"https:\/\/7culture.ci\/#\/schema\/person\/ac6600b76b439b1d2b8a3b734da1a17b","name":"Waly Tani","image":{"@type":"ImageObject","inLanguage":"fr-FR","@id":"https:\/\/7culture.ci\/#\/schema\/person\/image\/","url":"https:\/\/secure.gravatar.com\/avatar\/f4ffa85bd7cfe6e4376efc1fd606cdb7?s=96&d=mm&r=g","contentUrl":"https:\/\/secure.gravatar.com\/avatar\/f4ffa85bd7cfe6e4376efc1fd606cdb7?s=96&d=mm&r=g","caption":"Waly Tani"},"url":"https:\/\/7culture.ci\/index.php\/author\/waly-tani\/"}]}},"jetpack_featured_media_url":"","jetpack_likes_enabled":true,"jetpack_sharing_enabled":true,"_links":{"self":[{"href":"https:\/\/7culture.ci\/index.php\/wp-json\/wp\/v2\/posts\/10012"}],"collection":[{"href":"https:\/\/7culture.ci\/index.php\/wp-json\/wp\/v2\/posts"}],"about":[{"href":"https:\/\/7culture.ci\/index.php\/wp-json\/wp\/v2\/types\/post"}],"author":[{"embeddable":true,"href":"https:\/\/7culture.ci\/index.php\/wp-json\/wp\/v2\/users\/4"}],"replies":[{"embeddable":true,"href":"https:\/\/7culture.ci\/index.php\/wp-json\/wp\/v2\/comments?post=10012"}],"version-history":[{"count":0,"href":"https:\/\/7culture.ci\/index.php\/wp-json\/wp\/v2\/posts\/10012\/revisions"}],"wp:featuredmedia":[{"embeddable":true,"href":"https:\/\/7culture.ci\/index.php\/wp-json\/"}],"wp:attachment":[{"href":"https:\/\/7culture.ci\/index.php\/wp-json\/wp\/v2\/media?parent=10012"}],"wp:term":[{"taxonomy":"category","embeddable":true,"href":"https:\/\/7culture.ci\/index.php\/wp-json\/wp\/v2\/categories?post=10012"},{"taxonomy":"post_tag","embeddable":true,"href":"https:\/\/7culture.ci\/index.php\/wp-json\/wp\/v2\/tags?post=10012"}],"curies":[{"name":"wp","href":"https:\/\/api.w.org\/{rel}","templated":true}]}}